{"id":4137,"date":"2021-01-26T17:05:48","date_gmt":"2021-01-26T16:05:48","guid":{"rendered":"http:\/\/vitoteam.pl\/?p=4137"},"modified":"2021-02-05T11:08:50","modified_gmt":"2021-02-05T10:08:50","slug":"jak-ubrac-dziecko-na-wiosne","status":"publish","type":"post","link":"https:\/\/vitoteam.pl\/index.php\/2021\/01\/26\/jak-ubrac-dziecko-na-wiosne\/","title":{"rendered":"Jak ubra\u0107 dziecko na wiosn\u0119?"},"content":{"rendered":"\n<p>Wiosna zbli\u017ca si\u0119 do nas wielkimi krokami. To pora roku, kt\u00f3ra rz\u0105dzi si\u0119 swoim prawem. W\u0142a\u015bnie wtedy przyroda budzi si\u0119 do \u017cycia po zimowym \u015bnie, a my mo\u017cemy pozwoli\u0107 sobie na nieco l\u017cejszy ubi\u00f3r. Trzeba jednak uwa\u017ca\u0107, poniewa\u017c nawet wiosn\u0105 mog\u0105 zaskoczy\u0107 nas trudne warunki pogodowe. W artykule znajdziesz propozycje na odpowiedni ubi\u00f3r wiosenny dla Twojego dziecka.<\/p>\n\n\n\n<ol type=\"1\"><li><strong>Kiedy zaczyna si\u0119 wiosna?<\/strong><\/li><li><strong>Jaka pogoda na wiosn\u0119?<\/strong><\/li><li><strong>Trendy modowe na 2021 rok.<\/strong><\/li><li><strong>Ubrania dla dzieci<\/strong><\/li><\/ol>\n\n\n\n<h2><strong>Kiedy zaczyna si\u0119 wiosna?<\/strong><\/h2>\n\n\n\n<p>Pisz\u0105c o pocz\u0105tku wiosny, nale\u017cy wyr\u00f3\u017cni\u0107 dwie daty. Pierwsza z nich, astronomiczna, przypada<br>w r\u00f3wnonoc wiosenn\u0105, czyli moment w roku, w kt\u00f3rym dzie\u0144 i noc trwaj\u0105 tyle samo. Tym razem zdarzy si\u0119 to 20 marca, czyli dzie\u0144 przed rozpocz\u0119ciem wiosny kalendarzowej. Jak dobrze, \u017ce b\u0119dzie to weekend! Ka\u017cdy z nas mo\u017ce wybra\u0107 si\u0119 na rodzinny spacer, podczas kt\u00f3rego wszyscy b\u0119dziemy wypatrywa\u0107 pierwszych oznak tej zielonej pory roku. Oczywi\u015bcie pod warunkiem, \u017ce pogoda b\u0119dzie nam sprzyja\u0107!<\/p>\n\n\n\n<h2><strong>Jaka pogoda na wiosn\u0119?<\/strong><\/h2>\n\n\n\n<p>Wielu z nas na pewno zna popularne polskie przys\u0142owia zwi\u0105zane z wiosn\u0105: \u201ew marcu jak w garncu\u201d, \u201ekwiecie\u0144-plecie\u0144, bo przeplata: troch\u0119 zimy, troch\u0119 lata\u201d, a tak\u017ce \u201ew maju jak w gaju\u201d. Nie zawsze jednak nale\u017cy wierzy\u0107 im na s\u0142owo. Musimy mie\u0107 si\u0119 na baczno\u015bci, bo zima z pewno\u015bci\u0105 nie odpu\u015bci tak \u0142atwo i b\u0119dzie dawa\u0142a o sobie zna\u0107 przez pierwsze tygodnie wiosny. By\u0107 mo\u017ce czeka nas jeszcze sporo \u015bniegu i silnego wiatru. Pod uwag\u0119 bierzmy te\u017c liczne zmiany pogody oraz deszczowe dni, kt\u00f3re nawiedzaj\u0105 t\u0119 por\u0119 roku cz\u0119\u015bciej ni\u017c inne. Prze\u0142om zimy i wiosny to sezon grypowy, uwa\u017cajmy na to!<\/p>\n\n\n\n<h2><strong>Trendy modowe 2021 rok<\/strong><\/h2>\n\n\n\n<p>Wielu specjalist\u00f3w w dziedzinie mody oraz projektant\u00f3w co roku rekomenduje trendy, kt\u00f3re maj\u0105 by\u0107 aktualne w nadchodz\u0105cym okresie. Ku jakim kolorom i stylom ubioru warto pochyli\u0107 si\u0119 w sezonie wiosennym 2021? Wszystko wskazuje na to, \u017ce jedn\u0105 z najbardziej popularnych barw, tak\u017ce w modzie dzieci\u0119cej, b\u0119dzie fiolet. Swoich wyznawc\u00f3w znajd\u0105 zar\u00f3wno intensywne, jak i pastelowe odcienie, np. neonowa ziele\u0144 i \u017c\u00f3\u0142\u0107, neonowy pomara\u0144cz, a tak\u017ce pudrowy r\u00f3\u017c. Powodzeniem maj\u0105 cieszy\u0107 si\u0119 ubrania bogate w kolorowe i oryginalne grafiki, kt\u00f3rych zadaniem jest wyr\u00f3\u017cnia\u0107 si\u0119 w t\u0142umie zwyczajnych kreacji. Twoje dziecko te\u017c mo\u017ce wygl\u0105da\u0107 modnie!<\/p>\n\n\n\n<h2><strong>Ubrania dla dzieci<\/strong><\/h2>\n\n\n\n<p>Nie jest prawd\u0105, \u017ce tylko doro\u015bli przywi\u0105zuj\u0105 wag\u0119 do swojego wygl\u0105du. Dzieci r\u00f3wnie\u017c chc\u0105 wygl\u0105da\u0107 modnie na tle swoich r\u00f3wie\u015bnik\u00f3w. Bardzo cz\u0119sto wybieraj\u0105 ubrania, kt\u00f3re s\u0105 \u015bci\u015ble powi\u0105zane z ich ulubionymi bohaterami pochodz\u0105cymi z bajek, film\u00f3w i ksi\u0105\u017cek. Modne ubrania dla dzieci powinny by\u0107 kolorowe, gdy\u017c wzbudzaj\u0105 w\u00f3wczas pozytywne emocje i tworz\u0105 dobry nastr\u00f3j na ca\u0142y dzie\u0144 zmaga\u0144 w szkole czy na placu zabaw.<\/p>\n\n\n\n<p>W garderobie dziecka, w pierwszej kolejno\u015bci, powinny znale\u017a\u0107 si\u0119 ubrania adekwatne do konkretnej pory roku. Wiosenny outfit musi zawiera\u0107 cz\u0119\u015bci odzie\u017cy, kt\u00f3re sprawi\u0105, \u017ce nasze pociechy nie zmarzn\u0105 w ch\u0142odniejsze dni. Niskie temperatury b\u0119d\u0105 utrzymywa\u0107 si\u0119 jeszcze w marcu, dlatego tak wa\u017cne jest, aby\u015bmy nie zapomnieli o produktach typowych dla zimy, takich jak czapka i szalik lub komin. <\/p>\n\n\n\n<p>Nie rezygnujmy z ciep\u0142ych bluz i kurtek. Dobrym rozwi\u0105zaniem jest szukanie tych cz\u0119\u015bci garderoby, kt\u00f3re mo\u017cna okre\u015bli\u0107 jako przej\u015bciowe \u2013 nadaj\u0105ce si\u0119 zar\u00f3wno na por\u0119 jesienn\u0105, jak<br>i wiosenn\u0105, np. kurtki czy buty. Na szcz\u0119\u015bcie od kilku lat zima nie przynosi nam bardzo mro\u017anej temperatury, co powoduje, \u017ce niekt\u00f3re z produkt\u00f3w przeznaczonych na inne pory roku sprawdz\u0105 si\u0119 te\u017c w grudniu, styczniu i lutym.<\/p>\n\n\n\n<p>Vito Shop posiada odzie\u017c dzieci\u0119c\u0105, kt\u00f3ra \u0142\u0105cz\u0105 w sobie atrakcyjne wzory, rozbudowan\u0105 gam\u0119 kolor\u00f3w, a tak\u017ce bezpiecze\u0144stwo u\u017cytkowania i odporno\u015b\u0107 na warunki atmosferyczne. Bardzo istotnymi elementami ubioru w czasie mrozu lub ch\u0142odniejszej temperatury s\u0105 ciep\u0142e bluzy. W sklepie internetowym <a href=\"http:\/\/www.vitoshop.pl\">www.vitoshop.pl<\/a> jest ich ca\u0142e mn\u00f3stwo. W ofercie znajdziesz: bluzy z kapturem i bez kaptura, bluzy rozpinane z kapturem, a tak\u017ce stylowe i m\u0142odzie\u017cowe bejsbol\u00f3wki.<\/p>\n\n\n\n<p> Ka\u017cda z nich stworzona jest z wysokiej jako\u015bci materia\u0142u. Nie zapominajmy o dost\u0119pnych rozmaitych nadrukach, na kt\u00f3rych widniej\u0105 najwa\u017cniejsze postaci ze \u015bwiata Vito Team, takie jak: Vito, Bella, dr Otiv, Hektor, Pysia i wiele innych.&nbsp; Ka\u017cdy z pewno\u015bci\u0105 znajdzie tu co\u015b dla siebie \u2013 zar\u00f3wno ch\u0142opiec, jak i dziewczynka. Asortyment sklepu charakteryzuje si\u0119 r\u00f3wnie\u017c r\u00f3\u017cnorodno\u015bci\u0105 kolor\u00f3w. Najpopularniejsze z nich to: czarny, szary, czerwony, zielony, odcienie niebieskiego i r\u00f3\u017cowego.<\/p>\n\n\n\n<figure class=\"wp-block-image size-large\"><a href=\"https:\/\/vitoshop.pl\/bluza-premium-z-kapturem-postac-vito-czerwona-gratis-karta-z-autografem-vito-i-belli\"><img loading=\"lazy\" width=\"1024\" height=\"1024\" src=\"http:\/\/vitoteam.pl\/wp-content\/uploads\/2021\/01\/4878-postac-red-1024x1024.jpg\" alt=\"Bluza z kapturem, dziecko, wiosna, ubrania\" class=\"wp-image-4134\" srcset=\"https:\/\/vitoteam.pl\/wp-content\/uploads\/2021\/01\/4878-postac-red-1024x1024.jpg 1024w, https:\/\/vitoteam.pl\/wp-content\/uploads\/2021\/01\/4878-postac-red-300x300.jpg 300w, https:\/\/vitoteam.pl\/wp-content\/uploads\/2021\/01\/4878-postac-red-150x150.jpg 150w, https:\/\/vitoteam.pl\/wp-content\/uploads\/2021\/01\/4878-postac-red-768x768.jpg 768w, https:\/\/vitoteam.pl\/wp-content\/uploads\/2021\/01\/4878-postac-red.jpg 1500w\" sizes=\"(max-width: 1024px) 100vw, 1024px\" \/><\/a><figcaption>Dzieci\u0119ca bluza z kapturem<\/figcaption><\/figure>\n\n\n\n<p>Podczas ni\u017cszych temperatur trzeba dba\u0107 tak\u017ce o nakrycie g\u0142owy. Vito Shop oferuje nie tylko bardzo ciep\u0142e czapki z pomponami, ale te\u017c te nieco l\u017cejsze, kt\u00f3re nosimy zazwyczaj jesieni\u0105 lub wiosn\u0105. Na nich r\u00f3wnie\u017c nie mog\u0142o zabrakn\u0105\u0107 kolorowych obrazk\u00f3w z Vito i Bell\u0105. Aby dba\u0107 o drogi oddechowe naszego dziecka, sprawmy mu ciep\u0142y komin chroni\u0105cy szyj\u0119. To wspania\u0142a alternatywa dla maseczek ochronnych, poniewa\u017c tak samo zas\u0142ania usta i nos, co w dobie panuj\u0105cej pandemii jest szalenie wa\u017cne dla naszego zdrowia i \u017cycia.<\/p>\n\n\n\n<figure class=\"wp-block-image size-large\"><a href=\"https:\/\/vitoshop.pl\/kolekcja\/vitoteam\/komin-zimowy-polarowy-vito-i-bella-komiksowy-gratis-karta-z-autografem-vito-i-belli\"><img loading=\"lazy\" width=\"1024\" height=\"1024\" src=\"http:\/\/vitoteam.pl\/wp-content\/uploads\/2021\/01\/13584-komin-postacie-1-1024x1024.jpg\" alt=\"Komin dzieci\u0119cy, Vito Shop,\" class=\"wp-image-4135\" srcset=\"https:\/\/vitoteam.pl\/wp-content\/uploads\/2021\/01\/13584-komin-postacie-1-1024x1024.jpg 1024w, https:\/\/vitoteam.pl\/wp-content\/uploads\/2021\/01\/13584-komin-postacie-1-300x300.jpg 300w, https:\/\/vitoteam.pl\/wp-content\/uploads\/2021\/01\/13584-komin-postacie-1-150x150.jpg 150w, https:\/\/vitoteam.pl\/wp-content\/uploads\/2021\/01\/13584-komin-postacie-1-768x768.jpg 768w, https:\/\/vitoteam.pl\/wp-content\/uploads\/2021\/01\/13584-komin-postacie-1-1536x1536.jpg 1536w, https:\/\/vitoteam.pl\/wp-content\/uploads\/2021\/01\/13584-komin-postacie-1.jpg 2000w\" sizes=\"(max-width: 1024px) 100vw, 1024px\" \/><\/a><figcaption>Komin dzieci\u0119cy Vito Shop<\/figcaption><\/figure>\n\n\n\n<p>Pami\u0119tajmy o tym, by w okresie przej\u015bciowym, kt\u00f3ry zbli\u017ca si\u0119 do nas z ca\u0142\u0105 moc\u0105,&nbsp; zwraca\u0107 uwag\u0119 na to, by nasze dzieci ubiera\u0142y si\u0119 ciep\u0142o, a w\u00f3wczas \u017caden wiatr i deszcz nie b\u0119d\u0105 im straszne. Szukajmy pierwszych kwiat\u00f3w i wypatrujmy ptak\u00f3w, kt\u00f3re wracaj\u0105 z ciep\u0142ych kraj\u00f3w. Ekipa Vito Team \u017cyczy wszystkim radosnej i s\u0142onecznej wiosny!<\/p>\n","protected":false},"excerpt":{"rendered":"<p>Wiosna zbli\u017ca si\u0119 do nas wielkimi krokami. To pora roku, kt\u00f3ra rz\u0105dzi si\u0119 swoim prawem. W\u0142a\u015bnie wtedy przyroda budzi si\u0119 do \u017cycia po zimowym \u015bnie, a my mo\u017cemy pozwoli\u0107 sobie na nieco cieplejszy ubi\u00f3r. Trzeba jednak uwa\u017ca\u0107, poniewa\u017c nawet wiosn\u0105 mog\u0105 zaskoczy\u0107 nas trudne warunki pogodowe. W artykule znajdziesz propozycje na odpowiedni ubi\u00f3r wiosenny dla Twojego dziecka.<\/p>\n","protected":false},"author":1,"featured_media":4133,"comment_status":"open","ping_status":"open","sticky":false,"template":"","format":"standard","meta":[],"categories":[38],"tags":[190,224,408,410,44,409,406,86,101,407],"yoast_head":"<!-- This site is optimized with the Yoast SEO plugin v15.4 - https:\/\/yoast.com\/wordpress\/plugins\/seo\/ -->\n<title>Jak ubra\u0107 dziecko na wiosn\u0119? - Vito Team Blog<\/title>\n<meta name=\"description\" content=\"Wiosna zbli\u017ca si\u0119 do nas wielkimi krokami. To pora roku, kt\u00f3ra rz\u0105dzi si\u0119 swoim prawem. W\u0142a\u015bnie wtedy przyroda budzi si\u0119 do \u017cycia po zimowym \u015bnie, a my mo\u017cemy pozwoli\u0107 sobie na nieco cieplejszy ubi\u00f3r. Trzeba jednak uwa\u017ca\u0107, poniewa\u017c nawet wiosn\u0105 mog\u0105 zaskoczy\u0107 nas trudne warunki pogodowe. W artykule znajdziesz propozycje na odpowiedni ubi\u00f3r wiosenny dla Twojego dziecka.\" \/>\n<meta name=\"robots\" content=\"index, follow, max-snippet:-1, max-image-preview:large, max-video-preview:-1\" \/>\n<link rel=\"canonical\" href=\"https:\/\/vitoteam.pl\/index.php\/2021\/01\/26\/jak-ubrac-dziecko-na-wiosne\/\" \/>\n<meta property=\"og:locale\" content=\"pl_PL\" \/>\n<meta property=\"og:type\" content=\"article\" \/>\n<meta property=\"og:title\" content=\"Jak ubra\u0107 dziecko na wiosn\u0119? - Vito Team Blog\" \/>\n<meta property=\"og:description\" content=\"Wiosna zbli\u017ca si\u0119 do nas wielkimi krokami. To pora roku, kt\u00f3ra rz\u0105dzi si\u0119 swoim prawem. W\u0142a\u015bnie wtedy przyroda budzi si\u0119 do \u017cycia po zimowym \u015bnie, a my mo\u017cemy pozwoli\u0107 sobie na nieco cieplejszy ubi\u00f3r. Trzeba jednak uwa\u017ca\u0107, poniewa\u017c nawet wiosn\u0105 mog\u0105 zaskoczy\u0107 nas trudne warunki pogodowe. W artykule znajdziesz propozycje na odpowiedni ubi\u00f3r wiosenny dla Twojego dziecka.\" \/>\n<meta property=\"og:url\" content=\"https:\/\/vitoteam.pl\/index.php\/2021\/01\/26\/jak-ubrac-dziecko-na-wiosne\/\" \/>\n<meta property=\"og:site_name\" content=\"Vito Team Blog\" \/>\n<meta property=\"article:published_time\" content=\"2021-01-26T16:05:48+00:00\" \/>\n<meta property=\"article:modified_time\" content=\"2021-02-05T10:08:50+00:00\" \/>\n<meta property=\"og:image\" content=\"https:\/\/vitoteam.pl\/wp-content\/uploads\/2021\/01\/wiosna2.jpg\" \/>\n\t<meta property=\"og:image:width\" content=\"1500\" \/>\n\t<meta property=\"og:image:height\" content=\"1500\" \/>\n<meta name=\"twitter:card\" content=\"summary_large_image\" \/>\n<meta name=\"twitter:label1\" content=\"Written by\">\n\t<meta name=\"twitter:data1\" content=\"admin\">\n\t<meta name=\"twitter:label2\" content=\"Est. reading time\">\n\t<meta name=\"twitter:data2\" content=\"4 minuty\">\n<script type=\"application\/ld+json\" class=\"yoast-schema-graph\">{\"@context\":\"https:\/\/schema.org\",\"@graph\":[{\"@type\":\"WebSite\",\"@id\":\"https:\/\/vitoteam.pl\/#website\",\"url\":\"https:\/\/vitoteam.pl\/\",\"name\":\"Vito Team Blog\",\"description\":\"Wszystko o Vito &amp; Bella.\",\"potentialAction\":[{\"@type\":\"SearchAction\",\"target\":\"https:\/\/vitoteam.pl\/?s={search_term_string}\",\"query-input\":\"required name=search_term_string\"}],\"inLanguage\":\"pl-PL\"},{\"@type\":\"ImageObject\",\"@id\":\"https:\/\/vitoteam.pl\/index.php\/2021\/01\/26\/jak-ubrac-dziecko-na-wiosne\/#primaryimage\",\"inLanguage\":\"pl-PL\",\"url\":\"https:\/\/vitoteam.pl\/wp-content\/uploads\/2021\/01\/wiosna2.jpg\",\"width\":1500,\"height\":1500,\"caption\":\"Ubrania, dzieci, jak ubra\\u0107 dziecko na wiosn\\u0119.\"},{\"@type\":\"WebPage\",\"@id\":\"https:\/\/vitoteam.pl\/index.php\/2021\/01\/26\/jak-ubrac-dziecko-na-wiosne\/#webpage\",\"url\":\"https:\/\/vitoteam.pl\/index.php\/2021\/01\/26\/jak-ubrac-dziecko-na-wiosne\/\",\"name\":\"Jak ubra\\u0107 dziecko na wiosn\\u0119? - Vito Team Blog\",\"isPartOf\":{\"@id\":\"https:\/\/vitoteam.pl\/#website\"},\"primaryImageOfPage\":{\"@id\":\"https:\/\/vitoteam.pl\/index.php\/2021\/01\/26\/jak-ubrac-dziecko-na-wiosne\/#primaryimage\"},\"datePublished\":\"2021-01-26T16:05:48+00:00\",\"dateModified\":\"2021-02-05T10:08:50+00:00\",\"author\":{\"@id\":\"https:\/\/vitoteam.pl\/#\/schema\/person\/9997dcb840668bed9ddccd6d0cc5582e\"},\"description\":\"Wiosna zbli\\u017ca si\\u0119 do nas wielkimi krokami. To pora roku, kt\\u00f3ra rz\\u0105dzi si\\u0119 swoim prawem. W\\u0142a\\u015bnie wtedy przyroda budzi si\\u0119 do \\u017cycia po zimowym \\u015bnie, a my mo\\u017cemy pozwoli\\u0107 sobie na nieco cieplejszy ubi\\u00f3r. Trzeba jednak uwa\\u017ca\\u0107, poniewa\\u017c nawet wiosn\\u0105 mog\\u0105 zaskoczy\\u0107 nas trudne warunki pogodowe. W artykule znajdziesz propozycje na odpowiedni ubi\\u00f3r wiosenny dla Twojego dziecka.\",\"inLanguage\":\"pl-PL\",\"potentialAction\":[{\"@type\":\"ReadAction\",\"target\":[\"https:\/\/vitoteam.pl\/index.php\/2021\/01\/26\/jak-ubrac-dziecko-na-wiosne\/\"]}]},{\"@type\":\"Person\",\"@id\":\"https:\/\/vitoteam.pl\/#\/schema\/person\/9997dcb840668bed9ddccd6d0cc5582e\",\"name\":\"admin\",\"image\":{\"@type\":\"ImageObject\",\"@id\":\"https:\/\/vitoteam.pl\/#personlogo\",\"inLanguage\":\"pl-PL\",\"url\":\"https:\/\/secure.gravatar.com\/avatar\/7885fd4a2aa5b538c78b0bab43f96639?s=96&d=mm&r=g\",\"caption\":\"admin\"}}]}<\/script>\n<!-- \/ Yoast SEO plugin. -->","_links":{"self":[{"href":"https:\/\/vitoteam.pl\/index.php\/wp-json\/wp\/v2\/posts\/4137"}],"collection":[{"href":"https:\/\/vitoteam.pl\/index.php\/wp-json\/wp\/v2\/posts"}],"about":[{"href":"https:\/\/vitoteam.pl\/index.php\/wp-json\/wp\/v2\/types\/post"}],"author":[{"embeddable":true,"href":"https:\/\/vitoteam.pl\/index.php\/wp-json\/wp\/v2\/users\/1"}],"replies":[{"embeddable":true,"href":"https:\/\/vitoteam.pl\/index.php\/wp-json\/wp\/v2\/comments?post=4137"}],"version-history":[{"count":2,"href":"https:\/\/vitoteam.pl\/index.php\/wp-json\/wp\/v2\/posts\/4137\/revisions"}],"predecessor-version":[{"id":4140,"href":"https:\/\/vitoteam.pl\/index.php\/wp-json\/wp\/v2\/posts\/4137\/revisions\/4140"}],"wp:featuredmedia":[{"embeddable":true,"href":"https:\/\/vitoteam.pl\/index.php\/wp-json\/wp\/v2\/media\/4133"}],"wp:attachment":[{"href":"https:\/\/vitoteam.pl\/index.php\/wp-json\/wp\/v2\/media?parent=4137"}],"wp:term":[{"taxonomy":"category","embeddable":true,"href":"https:\/\/vitoteam.pl\/index.php\/wp-json\/wp\/v2\/categories?post=4137"},{"taxonomy":"post_tag","embeddable":true,"href":"https:\/\/vitoteam.pl\/index.php\/wp-json\/wp\/v2\/tags?post=4137"}],"curies":[{"name":"wp","href":"https:\/\/api.w.org\/{rel}","templated":true}]}}