{"id":3904,"date":"2020-06-25T10:25:46","date_gmt":"2020-06-25T08:25:46","guid":{"rendered":"http:\/\/vitoteam.pl\/?p=3904"},"modified":"2020-07-14T18:24:37","modified_gmt":"2020-07-14T16:24:37","slug":"wyprawka-szkolna-2020-2021","status":"publish","type":"post","link":"https:\/\/vitoteam.pl\/index.php\/2020\/06\/25\/wyprawka-szkolna-2020-2021\/","title":{"rendered":"WYPRAWKA SZKOLNA 2020\/2021"},"content":{"rendered":"\n<p>Przygotowania do nowego roku szkolnego rozpoczynaj\u0105 si\u0119 ju\u017c w wakacje podczas kompletowania wyprawki szkolnej. Na rynku pojawia si\u0119 coraz wi\u0119cej artyku\u0142\u00f3w szkolnych, co powoduje, \u017ce wyb\u00f3r idealnych produkt\u00f3w wcale nie jest \u0142atwy! Przychodzimy zatem z pomoc\u0105 i podpowiadamy, jak skompletowa\u0107 wyprawk\u0119 szkoln\u0105 dla ucznia.<\/p>\n\n\n\n<p>Przygotowania do nowego roku szkolnego rozpoczynaj\u0105 si\u0119 ju\u017c w wakacje podczas kompletowania wyprawki szkolnej. Na rynku pojawia si\u0119 coraz wi\u0119cej artyku\u0142\u00f3w szkolnych, co powoduje, \u017ce wyb\u00f3r idealnych produkt\u00f3w wcale nie jest \u0142atwy! Przychodzimy zatem z pomoc\u0105 i podpowiadamy, jak skompletowa\u0107 wyprawk\u0119 szkoln\u0105 dla ucznia.<\/p>\n\n\n\n<ol><li>Na co zwr\u00f3ci\u0107 uwag\u0119, kompletuj\u0105c wyprawk\u0119 szkoln\u0105?<\/li><li>Wyprawka szkolna \u2013 co powinna zawiera\u0107?<\/li><li>Co warto spakowa\u0107 do szkolnego plecaka?<\/li><\/ol>\n\n\n\n<h2>Na co zwr\u00f3ci\u0107 uwag\u0119 kompletuj\u0105c wyprawk\u0119 szkoln\u0105?<\/h2>\n\n\n\n<p>Dzieci potrzebuj\u0105 motywacji do nauki. Posiadanie artyku\u0142\u00f3w szkolnych z ich ulubionymi bohaterami z pewno\u015bci\u0105 sprawi, \u017ce uczniowie ch\u0119tniej b\u0119d\u0105 przyk\u0142ada\u0107 si\u0119 do nauki. Pozw\u00f3lmy, aby dzieci mia\u0142y sw\u00f3j udzia\u0142 w kompletowaniu wyprawki szkolnej. To przecie\u017c one b\u0119d\u0105 codziennie korzysta\u0107 ze szkolnych przedmiot\u00f3w.<\/p>\n\n\n\n<p>Niezwykle istotna jest jako\u015b\u0107 produkt\u00f3w. Opr\u00f3cz estetyki, przybory szkolne powinny r\u00f3wnie\u017c posiada\u0107 solidne wykonanie. Odpowiednia jako\u015b\u0107 produkt\u00f3w sprawi, \u017ce pos\u0142u\u017c\u0105 one na d\u0142u\u017cej. Wa\u017cne jest tak\u017ce, aby artyku\u0142y szkolne by\u0142y funkcjonalne. Wybierajmy takie, kt\u00f3re b\u0119d\u0105 dostosowane do potrzeb dziecka.<\/p>\n\n\n\n<p>Dlaczego warto kupi\u0107 nasze produkty? Producentem wi\u0119kszo\u015bci prezentowanych przez nas produkt\u00f3w szkolnych jest Paso \u2013 tworz\u0105cy stylowe i solidne artyku\u0142y szkolne. Produkty wykonane s\u0105 z wielk\u0105 staranno\u015bci\u0105 i z pewno\u015bci\u0105 spe\u0142ni\u0105 oczekiwania uczni\u00f3w oraz ich rodzic\u00f3w. Ponadto artyku\u0142y szkolne z naszej kolekcji przedstawiaj\u0105 przyjazne grafiki znanych youtuber\u00f3w: Vito i Bell\u0119, kt\u00f3rzy z pasj\u0105 tworz\u0105 tre\u015bci dla dzieci.<\/p>\n\n\n\n<h2>Wyprawka szkolna \u2013 co powinna zawiera\u0107?<\/h2>\n\n\n\n<p><strong>Tornister<\/strong><\/p>\n\n\n\n<p>Tornister Vito i Bella szko\u0142a 2020\/2021 to d\u0142ugo wyczekiwana nowo\u015b\u0107 w sklepie Vitoshop! B\u0119dzie idealny dla pierwszoklasist\u00f3w oraz uczni\u00f3w starszych klas, kt\u00f3rzy ceni\u0105 sobie wygod\u0119.<\/p>\n\n\n\n<p>Posiada usztywnione, ergonomiczne wyprofilowane plecy i szelki, a tak\u017ce usztywniony sp\u00f3d, co gwarantuje komfort noszenia. Ogromnym plusem jest du\u017ca komora oraz boczne kieszenie, kt\u00f3re u\u0142atwi\u0105 przechowywanie i pomog\u0105 w utrzymaniu porz\u0105dku.<\/p>\n\n\n\n<p>Tornister jest wodoodporny &#8211; wykonany z materia\u0142u odpornego na przemakanie, posiada tak\u017ce elementy odblaskowe, kt\u00f3re zapewni\u0105 widoczno\u015b\u0107 dziecka na drodze.<\/p>\n\n\n\n<p>Grafiki znajduj\u0105ce si\u0119 na tornistrze przedstawiaj\u0105 ulubionych bohater\u00f3w Vito Team i sprawi\u0105, \u017ce ucze\u0144 nie b\u0119dzie m\u00f3g\u0142 doczeka\u0107 si\u0119 kolejnego dnia w szkole! Tornister posiada uniwersalny kolor oraz wz\u00f3r, sprawdzi si\u0119 zar\u00f3wno dla dziewczynki, jak i dla ch\u0142opca.<\/p>\n\n\n\n<figure class=\"wp-block-image size-large\"><a href=\"https:\/\/vitoshop.pl\/nowosc-tornister-vito-i-bella-szkola-2020-2021-gratis-karta-z-autografem-vito-i-belli\"><img loading=\"lazy\" width=\"1024\" height=\"1024\" src=\"http:\/\/vitoteam.pl\/wp-content\/uploads\/2020\/06\/tornister-1024x1024.jpg\" alt=\"TORNISTER VITO i BELLA - SZKO\u0141A 2020\/2021\" class=\"wp-image-3905\" srcset=\"https:\/\/vitoteam.pl\/wp-content\/uploads\/2020\/06\/tornister-1024x1024.jpg 1024w, https:\/\/vitoteam.pl\/wp-content\/uploads\/2020\/06\/tornister-300x300.jpg 300w, https:\/\/vitoteam.pl\/wp-content\/uploads\/2020\/06\/tornister-150x150.jpg 150w, https:\/\/vitoteam.pl\/wp-content\/uploads\/2020\/06\/tornister-768x768.jpg 768w, https:\/\/vitoteam.pl\/wp-content\/uploads\/2020\/06\/tornister.jpg 1500w\" sizes=\"(max-width: 1024px) 100vw, 1024px\" \/><\/a><figcaption>TORNISTER VITO i BELLA &#8211; SZKO\u0141A 2020\/2021<\/figcaption><\/figure>\n\n\n\n<p><strong>Plecak<\/strong><\/p>\n\n\n\n<p>Jest nieco wi\u0119kszy od tornistra, doskonale sprawdzi si\u0119 dla uczni\u00f3w starszych klas. Ma wzmocnione i pokryte mi\u0119kk\u0105 piank\u0105 plecy. Produkt ten b\u0119dzie pomocny w noszeniu szkolnych ci\u0119\u017car\u00f3w przez uczni\u00f3w.<\/p>\n\n\n\n<p>Plecak posiada dodatkowe kieszenie i przegrody, z pewno\u015bci\u0105 pomie\u015bci niezb\u0119dne artyku\u0142y szkolne. Jest wodoodporny &#8211; wykonany z materia\u0142u odpornego na przemakanie. Znajduj\u0105 si\u0119 na nim elementy odblaskowe, gwarantuj\u0105ce bezpiecze\u0144stwo na drodze. Regulowane szelki umo\u017cliwiaj\u0105 dostosowanie plecaka do wzrostu dziecka.<\/p>\n\n\n\n<p>Pami\u0119tajmy, \u017ce odpowiednio dobrany plecak to ten, kt\u00f3ry przylega do cia\u0142a, nie odstaje i nie opada w d\u00f3\u0142. Plecak Vito i Bella szko\u0142a 2020\/2021 posiada uniwersalny kolor i wz\u00f3r, dzi\u0119ki czemu b\u0119dzie idealny zar\u00f3wno dla ch\u0142opc\u00f3w, jak i dziewczynek.<\/p>\n\n\n\n<figure class=\"wp-block-image size-large\"><a href=\"https:\/\/vitoshop.pl\/nowosc-plecak-vito-i-bella-szkola-2020-2021-niebieski-gratis-karta-z-autografem-vito-i-belli\"><img loading=\"lazy\" width=\"1024\" height=\"1024\" src=\"http:\/\/vitoteam.pl\/wp-content\/uploads\/2020\/06\/plecak-2020-2021-1024x1024.jpg\" alt=\"PLECAK VITO i BELLA - SZKO\u0141A 2020\/2021\" class=\"wp-image-3907\" srcset=\"https:\/\/vitoteam.pl\/wp-content\/uploads\/2020\/06\/plecak-2020-2021-1024x1024.jpg 1024w, https:\/\/vitoteam.pl\/wp-content\/uploads\/2020\/06\/plecak-2020-2021-300x300.jpg 300w, https:\/\/vitoteam.pl\/wp-content\/uploads\/2020\/06\/plecak-2020-2021-150x150.jpg 150w, https:\/\/vitoteam.pl\/wp-content\/uploads\/2020\/06\/plecak-2020-2021-768x768.jpg 768w, https:\/\/vitoteam.pl\/wp-content\/uploads\/2020\/06\/plecak-2020-2021.jpg 1500w\" sizes=\"(max-width: 1024px) 100vw, 1024px\" \/><\/a><figcaption>PLECAK VITO i BELLA &#8211; SZKO\u0141A 2020\/2021<\/figcaption><\/figure>\n\n\n\n<p><strong>Pi\u00f3rnik z wyposa\u017ceniem<\/strong><\/p>\n\n\n\n<p>Polecany dla uczni\u00f3w, kt\u00f3rzy lubi\u0105 mie\u0107 wszystko pod r\u0119k\u0105. Ten pi\u00f3rnik w zestawie posiada niezb\u0119dne artyku\u0142y do pisania oraz kolorowania. W \u015brodku pi\u00f3rnika znajduje si\u0119 tak\u017ce tabliczka mno\u017cenia oraz plan lekcji. Produkt jest usztywniany, dzi\u0119ki czemu chroni znajduj\u0105ce si\u0119 w nim przybory szkolne.<\/p>\n\n\n\n<p>. Dost\u0119pne s\u0105 a\u017c cztery wzory tego modelu pi\u00f3rnika, wi\u0119c ka\u017cdy ch\u0142opiec oraz ka\u017cda dziewczynka z pewno\u015bci\u0105 wybior\u0105 sw\u00f3j ulubiony z motywem Vito i Belli!<\/p>\n\n\n\n<figure class=\"wp-block-image size-large\"><a href=\"https:\/\/vitoshop.pl\/nowosc-piornik-vito-i-bella-gratis-wyposazenie-szkola-2020-2021-niebieski-gratis-karta-z-autografem-vito-i-belli\"><img loading=\"lazy\" width=\"1024\" height=\"1024\" src=\"http:\/\/vitoteam.pl\/wp-content\/uploads\/2020\/06\/pi\u00f3rnik-front-1-1024x1024.jpg\" alt=\"PI\u00d3RNIK VITO i BELLA + GRATIS WYPOSA\u017bENIE\" class=\"wp-image-3910\" srcset=\"https:\/\/vitoteam.pl\/wp-content\/uploads\/2020\/06\/pi\u00f3rnik-front-1-1024x1024.jpg 1024w, https:\/\/vitoteam.pl\/wp-content\/uploads\/2020\/06\/pi\u00f3rnik-front-1-300x300.jpg 300w, https:\/\/vitoteam.pl\/wp-content\/uploads\/2020\/06\/pi\u00f3rnik-front-1-150x150.jpg 150w, https:\/\/vitoteam.pl\/wp-content\/uploads\/2020\/06\/pi\u00f3rnik-front-1-768x768.jpg 768w, https:\/\/vitoteam.pl\/wp-content\/uploads\/2020\/06\/pi\u00f3rnik-front-1.jpg 1500w\" sizes=\"(max-width: 1024px) 100vw, 1024px\" \/><\/a><figcaption>PI\u00d3RNIK VITO i BELLA + GRATIS WYPOSA\u017bENIE<\/figcaption><\/figure>\n\n\n\n<p><strong>Ma\u0142y pi\u00f3rnik<\/strong><\/p>\n\n\n\n<p>Produkt ten gwarantuje odpowiedni\u0105 organizacj\u0119 i zachowanie porz\u0105dku. Wn\u0119trze pi\u00f3rnika wyposa\u017cone jest w przegrod\u0119 na drobniejsze elementy, takie jak temper\u00f3wka oraz gumka do \u015bcierania. W \u015brodku znajduj\u0105 si\u0119 tak\u017ce gumki, kt\u00f3re pozwalaj\u0105 na przymocowanie d\u0142ugopis\u00f3w. Pi\u00f3rnik dost\u0119pny jest w r\u00f3\u017cnych wzorach i kolorach, dlatego spodoba si\u0119 zar\u00f3wno dziewczynkom, jak i ch\u0142opcom.<\/p>\n\n\n\n<p><strong>Pi\u00f3rnik tuba<\/strong><\/p>\n\n\n\n<p>Doskonale sprawdzi si\u0119 do przechowywania kredek i d\u0142ugopis\u00f3w. Posiada epickie, nowe wzory z za\u0142og\u0105 Vito Team! Dost\u0119pny w r\u00f3\u017cnych kolorach, odpowiednich dla ch\u0142opc\u00f3w oraz dziewczynek.<\/p>\n\n\n\n<figure class=\"wp-block-image size-large\"><a href=\"https:\/\/vitoshop.pl\/nowosc-piornik-tuba-vito-i-bella-szkola-2020-2021-niebieski-gratis-karta-z-autografem-vito-i-belli\"><img loading=\"lazy\" width=\"1024\" height=\"1024\" src=\"http:\/\/vitoteam.pl\/wp-content\/uploads\/2020\/06\/pi\u00f3rnik-tuba-1024x1024.jpg\" alt=\"PI\u00d3RNIK TUBA VITO i BELLA - SZKO\u0141A 2020\/2021\" class=\"wp-image-3911\" srcset=\"https:\/\/vitoteam.pl\/wp-content\/uploads\/2020\/06\/pi\u00f3rnik-tuba-1024x1024.jpg 1024w, https:\/\/vitoteam.pl\/wp-content\/uploads\/2020\/06\/pi\u00f3rnik-tuba-300x300.jpg 300w, https:\/\/vitoteam.pl\/wp-content\/uploads\/2020\/06\/pi\u00f3rnik-tuba-150x150.jpg 150w, https:\/\/vitoteam.pl\/wp-content\/uploads\/2020\/06\/pi\u00f3rnik-tuba-768x768.jpg 768w, https:\/\/vitoteam.pl\/wp-content\/uploads\/2020\/06\/pi\u00f3rnik-tuba.jpg 1500w\" sizes=\"(max-width: 1024px) 100vw, 1024px\" \/><\/a><figcaption>PI\u00d3RNIK TUBA VITO i BELLA &#8211; SZKO\u0141A 2020\/2021<\/figcaption><\/figure>\n\n\n\n<p><strong>Worek<\/strong><\/p>\n\n\n\n<p>Istotny w szkolnej wyprawce. U\u0142atwi przechowywanie stroju gimnastycznego. Worek posiada doskona\u0142e grafiki przedstawiaj\u0105ce bohater\u00f3w Vito Team. Produkt ten b\u0119dzie stylowym uzupe\u0142nieniem szkolnej wyprawki dla mi\u0142o\u015bnik\u00f3w Vito i Belli!<\/p>\n\n\n\n<figure class=\"wp-block-image size-large is-resized\"><a href=\"https:\/\/vitoshop.pl\/nowosc-worek-vito-i-bella-szkola-2020-2021-niebieski-gratis-karta-z-autografem-vito-i-belli\"><img loading=\"lazy\" src=\"http:\/\/vitoteam.pl\/wp-content\/uploads\/2020\/06\/worek-1-1024x1024.jpg\" alt=\"WOREK VITO i BELLA - SZKO\u0141A 2020\/2021\" class=\"wp-image-3912\" width=\"580\" height=\"580\" srcset=\"https:\/\/vitoteam.pl\/wp-content\/uploads\/2020\/06\/worek-1-1024x1024.jpg 1024w, https:\/\/vitoteam.pl\/wp-content\/uploads\/2020\/06\/worek-1-300x300.jpg 300w, https:\/\/vitoteam.pl\/wp-content\/uploads\/2020\/06\/worek-1-150x150.jpg 150w, https:\/\/vitoteam.pl\/wp-content\/uploads\/2020\/06\/worek-1-768x768.jpg 768w, https:\/\/vitoteam.pl\/wp-content\/uploads\/2020\/06\/worek-1.jpg 1500w\" sizes=\"(max-width: 580px) 100vw, 580px\" \/><\/a><figcaption>WOREK VITO i BELLA &#8211; SZKO\u0141A 2020\/2021<\/figcaption><\/figure>\n\n\n\n<p><strong>Zeszyty<\/strong><\/p>\n\n\n\n<p>Niezb\u0119dny artyku\u0142 do sporz\u0105dzania szkolnych notatek. W naszym sklepie posiadamy przer\u00f3\u017cne modele zeszyt\u00f3w. Zach\u0119camy do zapoznania si\u0119 z artyku\u0142em <a href=\"http:\/\/vitoteam.pl\/index.php\/2020\/06\/25\/zeszyty-do-wyprawki-szkolnej-2020-2021-jakie-wybrac\/\">LINK<\/a>, dzi\u0119ki kt\u00f3remu wybierzesz produkt spe\u0142niaj\u0105cy Twoje potrzeby.<\/p>\n\n\n\n<figure class=\"wp-block-image size-large\"><img loading=\"lazy\" width=\"1024\" height=\"1024\" src=\"http:\/\/vitoteam.pl\/wp-content\/uploads\/2020\/06\/zeszyt-1024x1024.jpg\" alt=\"ZESZYT W LINI\u0118 A5 - VITO i BELLA W LESIE\" class=\"wp-image-3913\" srcset=\"https:\/\/vitoteam.pl\/wp-content\/uploads\/2020\/06\/zeszyt-1024x1024.jpg 1024w, https:\/\/vitoteam.pl\/wp-content\/uploads\/2020\/06\/zeszyt-300x300.jpg 300w, https:\/\/vitoteam.pl\/wp-content\/uploads\/2020\/06\/zeszyt-150x150.jpg 150w, https:\/\/vitoteam.pl\/wp-content\/uploads\/2020\/06\/zeszyt-768x768.jpg 768w, https:\/\/vitoteam.pl\/wp-content\/uploads\/2020\/06\/zeszyt.jpg 1500w\" sizes=\"(max-width: 1024px) 100vw, 1024px\" \/><figcaption>ZESZYT W LINI\u0118 A5 &#8211; VITO i BELLA W LESIE<\/figcaption><\/figure>\n\n\n\n<p><strong>D\u0142ugopis wielokolorowy<\/strong><\/p>\n\n\n\n<p>Takiego produktu jeszcze u nas nie by\u0142o. Wielokolorowy d\u0142ugopis z brelokiem Vito! Teraz ju\u017c nie ma potrzeby noszenia kilku d\u0142ugopis\u00f3w, wystarczy jeden, kt\u00f3ry posiada wi\u0119kszo\u015b\u0107 kolor\u00f3w, a w szkolnym pi\u00f3rniku jest wi\u0119cej miejsca! Sporz\u0105dzanie notatek z tym gad\u017cetem b\u0119dzie jeszcze lepsze ni\u017c dotychczas.<\/p>\n\n\n\n<p><strong>O\u0142\u00f3wki<\/strong><\/p>\n\n\n\n<p>O\u0142\u00f3wki wykonane zosta\u0142y w wersjach kolorystycznych dla ch\u0142opc\u00f3w oraz dziewczynek. Posiadaj\u0105 gumki do \u015bcierania oraz epickie grafiki z Vito i Bell\u0105. Z tym gad\u017cetem szkicowanie b\u0119dzie naprawd\u0119 przyjemne!<\/p>\n\n\n\n<h2>Co warto spakowa\u0107 do szkolnego plecaka?<\/h2>\n\n\n\n<p><strong>\u015aniadani\u00f3wka<\/strong><\/p>\n\n\n\n<p>Drugie \u015bniadanie w szkole to podstawa! Z naszym produktem przechowywanie ulubionych przek\u0105sek b\u0119dzie proste i przyjemne. Gwarantujemy, \u017ce ze \u015bniadani\u00f3wk\u0105 Vito i Belli nawet najwi\u0119kszy niejadek skusi si\u0119 na posi\u0142ek!<\/p>\n\n\n\n<figure class=\"wp-block-image size-large\"><a href=\"https:\/\/vitoshop.pl\/nowosc-sniadaniowka-vito-i-bella-szkola-2020-2021-niebieska-gratis-karta-z-autografem-vito-i-belli\"><img loading=\"lazy\" width=\"1024\" height=\"1024\" src=\"http:\/\/vitoteam.pl\/wp-content\/uploads\/2020\/06\/\u015bniadan\u00f3wka-1024x1024.jpg\" alt=\"\u015aNIADANI\u00d3WKA VITO i BELLA - SZKO\u0141A 2020\/2021\" class=\"wp-image-3914\" srcset=\"https:\/\/vitoteam.pl\/wp-content\/uploads\/2020\/06\/\u015bniadan\u00f3wka-1024x1024.jpg 1024w, https:\/\/vitoteam.pl\/wp-content\/uploads\/2020\/06\/\u015bniadan\u00f3wka-300x300.jpg 300w, https:\/\/vitoteam.pl\/wp-content\/uploads\/2020\/06\/\u015bniadan\u00f3wka-150x150.jpg 150w, https:\/\/vitoteam.pl\/wp-content\/uploads\/2020\/06\/\u015bniadan\u00f3wka-768x768.jpg 768w, https:\/\/vitoteam.pl\/wp-content\/uploads\/2020\/06\/\u015bniadan\u00f3wka.jpg 1500w\" sizes=\"(max-width: 1024px) 100vw, 1024px\" \/><\/a><figcaption>\u015aNIADANI\u00d3WKA VITO i BELLA &#8211; SZKO\u0141A 2020\/2021<\/figcaption><\/figure>\n\n\n\n<p><strong>Bidon<\/strong><\/p>\n\n\n\n<p>Nawadnianie jest bardzo wa\u017cne, a picie ulubionego napoju z bidonu od Vito Team to wielka przyjemno\u015b\u0107! Epickie grafiki sprawiaj\u0105, \u017ce produkt bardzo dobrze si\u0119 prezentuje. Solidnie wykonane zamkni\u0119cie zabezpiecza przed przeciekaniem. Jest por\u0119czny, posiada sznurek oraz uchwyty pozwalaj\u0105ce na przypi\u0119cie go do plecaka. Dost\u0119pny w r\u00f3\u017cnych wersjach kolorystycznych dla ch\u0142opca i dziewczynki.<\/p>\n\n\n\n<figure class=\"wp-block-image size-large\"><a href=\"https:\/\/vitoshop.pl\/nowosc-bidon-vito-i-bella-szkola-2020-2021-niebieski-gratis-karta-z-autografem-vito-i-belli\"><img loading=\"lazy\" width=\"1024\" height=\"1024\" src=\"http:\/\/vitoteam.pl\/wp-content\/uploads\/2020\/06\/bidon-1024x1024.jpg\" alt=\"BIDON VITO i BELLA - SZKO\u0141A 2020\/2021\" class=\"wp-image-3915\" srcset=\"https:\/\/vitoteam.pl\/wp-content\/uploads\/2020\/06\/bidon-1024x1024.jpg 1024w, https:\/\/vitoteam.pl\/wp-content\/uploads\/2020\/06\/bidon-300x300.jpg 300w, https:\/\/vitoteam.pl\/wp-content\/uploads\/2020\/06\/bidon-150x150.jpg 150w, https:\/\/vitoteam.pl\/wp-content\/uploads\/2020\/06\/bidon-768x768.jpg 768w, https:\/\/vitoteam.pl\/wp-content\/uploads\/2020\/06\/bidon.jpg 1500w\" sizes=\"(max-width: 1024px) 100vw, 1024px\" \/><\/a><figcaption>BIDON VITO i BELLA &#8211; SZKO\u0141A 2020\/2021<\/figcaption><\/figure>\n\n\n\n<p><strong>Portfel<\/strong><\/p>\n\n\n\n<p>Por\u0119czny i lekki portfel powinien pojawi\u0107 si\u0119 w ka\u017cdym plecaku. W \u015brodku tego produktu znajduje si\u0119 wiele przegr\u00f3dek. Mo\u017cna w nim przechowywa\u0107 got\u00f3wk\u0119 na zakupy w szkolnym sklepiku, a tak\u017ce legitymacj\u0119, czy bilet. Portfel posiada sznurek, kt\u00f3ry pozwala na noszenie go na szyi. Do wyboru s\u0105 kolory dla ch\u0142opca i dziewczynki, z epickimi grafikami przedstawiaj\u0105cymi g\u0142\u00f3wnych bohater\u00f3w Vito Team!<\/p>\n\n\n\n<figure class=\"wp-block-image size-large\"><a href=\"https:\/\/vitoshop.pl\/nowosc-portfel-vito-i-bella-szkola-2020-2021-niebieski-gratis-karta-z-autografem-vito-i-belli\"><img loading=\"lazy\" width=\"1024\" height=\"1024\" src=\"http:\/\/vitoteam.pl\/wp-content\/uploads\/2020\/06\/portfel-1024x1024.jpg\" alt=\"PORTFEL VITO i BELLA - SZKO\u0141A 2020\/2021\" class=\"wp-image-3916\" srcset=\"https:\/\/vitoteam.pl\/wp-content\/uploads\/2020\/06\/portfel-1024x1024.jpg 1024w, https:\/\/vitoteam.pl\/wp-content\/uploads\/2020\/06\/portfel-300x300.jpg 300w, https:\/\/vitoteam.pl\/wp-content\/uploads\/2020\/06\/portfel-150x150.jpg 150w, https:\/\/vitoteam.pl\/wp-content\/uploads\/2020\/06\/portfel-768x768.jpg 768w, https:\/\/vitoteam.pl\/wp-content\/uploads\/2020\/06\/portfel.jpg 1500w\" sizes=\"(max-width: 1024px) 100vw, 1024px\" \/><\/a><figcaption>PORTFEL VITO i BELLA &#8211; SZKO\u0141A 2020\/2021<\/figcaption><\/figure>\n\n\n\n<h2>Odwied\u017a tak\u017ce nasze kana\u0142y na YouTubie:<\/h2>\n\n\n\n<figure class=\"wp-block-embed-youtube wp-block-embed is-type-video is-provider-youtube wp-embed-aspect-16-9 wp-has-aspect-ratio\"><div class=\"wp-block-embed__wrapper\">\n<iframe title=\"ZWARIOWANY POKAZ MODY! (Roblox Fashion Famous) - Bella i Vito\" width=\"640\" height=\"360\" src=\"https:\/\/www.youtube.com\/embed\/s41rPYMZM8g?feature=oembed\" frameborder=\"0\" allow=\"accelerometer; autoplay; encrypted-media; gyroscope; picture-in-picture\" allowfullscreen><\/iframe>\n<\/div><figcaption>ZWARIOWANY POKAZ MODY! (Roblox Fashion Famous) &#8211; Bella i Vito<\/figcaption><\/figure>\n\n\n\n<figure class=\"wp-block-embed-youtube wp-block-embed is-type-video is-provider-youtube wp-embed-aspect-16-9 wp-has-aspect-ratio\"><div class=\"wp-block-embed__wrapper\">\n<iframe title=\"ROBLOX SPIDER - Ugryz\u0142 Mnie Paj\u0105k i Sam Zosta\u0142em Paj\u0105kiem! | Vito i Bella\" width=\"640\" height=\"360\" src=\"https:\/\/www.youtube.com\/embed\/qRvATD9ne1E?feature=oembed\" frameborder=\"0\" allow=\"accelerometer; autoplay; encrypted-media; gyroscope; picture-in-picture\" allowfullscreen><\/iframe>\n<\/div><figcaption>ROBLOX SPIDER &#8211; Ugryz\u0142 Mnie Paj\u0105k i Sam Zosta\u0142em Paj\u0105kiem! | Vito i Bella<\/figcaption><\/figure>\n\n\n\n<h2>Zobacz inny artyku\u0142:<\/h2>\n\n\n\n<figure class=\"wp-block-embed-wordpress wp-block-embed is-type-wp-embed is-provider-vito-team-blog\"><div class=\"wp-block-embed__wrapper\">\n<blockquote class=\"wp-embedded-content\" data-secret=\"p7W7uknGPz\"><a href=\"http:\/\/vitoteam.pl\/index.php\/2020\/06\/23\/vito-shop-i-bella-style-w-warszawie\/\">VITO SHOP I BELLA STYLE W WARSZAWIE!<\/a><\/blockquote><iframe class=\"wp-embedded-content\" sandbox=\"allow-scripts\" security=\"restricted\" style=\"position: absolute; clip: rect(1px, 1px, 1px, 1px);\" title=\"&#8222;VITO SHOP I BELLA STYLE W WARSZAWIE!&#8221; &#8212; Vito Team Blog\" src=\"http:\/\/vitoteam.pl\/index.php\/2020\/06\/23\/vito-shop-i-bella-style-w-warszawie\/embed\/#?secret=p7W7uknGPz\" data-secret=\"p7W7uknGPz\" width=\"600\" height=\"338\" frameborder=\"0\" marginwidth=\"0\" marginheight=\"0\" scrolling=\"no\"><\/iframe>\n<\/div><figcaption>VITO SHOP I BELLA STYLE W WARSZAWIE!<\/figcaption><\/figure>\n\n\n\n<figure class=\"wp-block-embed-wordpress wp-block-embed is-type-wp-embed is-provider-vito-team-blog\"><div class=\"wp-block-embed__wrapper\">\n<blockquote class=\"wp-embedded-content\" data-secret=\"FZ6UD4qC2W\"><a href=\"http:\/\/vitoteam.pl\/index.php\/2020\/05\/25\/wywiad-z-vito-i-bella-nie-czujemy-sie-gwiazdami\/\">WYWIAD Z VITO I BELL\u0104: &#8222;NIE CZUJEMY SI\u0118 GWIAZDAMI!&#8221;<\/a><\/blockquote><iframe class=\"wp-embedded-content\" sandbox=\"allow-scripts\" security=\"restricted\" style=\"position: absolute; clip: rect(1px, 1px, 1px, 1px);\" title=\"&#8222;WYWIAD Z VITO I BELL\u0104: &#8222;NIE CZUJEMY SI\u0118 GWIAZDAMI!&#8221;&#8221; &#8212; Vito Team Blog\" src=\"http:\/\/vitoteam.pl\/index.php\/2020\/05\/25\/wywiad-z-vito-i-bella-nie-czujemy-sie-gwiazdami\/embed\/#?secret=FZ6UD4qC2W\" data-secret=\"FZ6UD4qC2W\" width=\"600\" height=\"338\" frameborder=\"0\" marginwidth=\"0\" marginheight=\"0\" scrolling=\"no\"><\/iframe>\n<\/div><figcaption>WYWIAD Z VITO I BELL\u0104: \u201eNIE CZUJEMY SI\u0118 GWIAZDAMI!\u201d<\/figcaption><\/figure>\n","protected":false},"excerpt":{"rendered":"<p>Przed nami czas wakacji, a wi\u0119c i pora na zas\u0142u\u017cony wypoczynek. Aby w pe\u0142ni korzysta\u0107 z relaksu, warto zadba\u0107 o sprawy przed kt\u00f3rymi nie ma ucieczki \u2013 wyprawka szkolna 2020\/2021. O ile kiedy\u015b przygotowanie si\u0119 na rozpocz\u0119cie roku szkolnego nie by\u0142o niczym trudnym, tak przy dzisiejszym wachlarzu mo\u017cliwo\u015bci, dost\u0119pno\u015bci\u0105 najr\u00f3\u017cniejszych produkt\u00f3w i ich wariant\u00f3w mo\u017cna si\u0119 pogubi\u0107.<\/p>\n","protected":false},"author":1,"featured_media":3905,"comment_status":"closed","ping_status":"closed","sticky":false,"template":"","format":"standard","meta":[],"categories":[38],"tags":[52,85,168,216,49,86,187,103,51,101,102],"yoast_head":"<!-- This site is optimized with the Yoast SEO plugin v15.4 - https:\/\/yoast.com\/wordpress\/plugins\/seo\/ -->\n<title>WYPRAWKA SZKOLNA 2020\/2021 - Vito Team Blog<\/title>\n<meta name=\"robots\" content=\"index, follow, max-snippet:-1, max-image-preview:large, max-video-preview:-1\" \/>\n<link rel=\"canonical\" href=\"https:\/\/vitoteam.pl\/index.php\/2020\/06\/25\/wyprawka-szkolna-2020-2021\/\" \/>\n<meta property=\"og:locale\" content=\"pl_PL\" \/>\n<meta property=\"og:type\" content=\"article\" \/>\n<meta property=\"og:title\" content=\"WYPRAWKA SZKOLNA 2020\/2021 - Vito Team Blog\" \/>\n<meta property=\"og:description\" content=\"Przed nami czas wakacji, a wi\u0119c i pora na zas\u0142u\u017cony wypoczynek. Aby w pe\u0142ni korzysta\u0107 z relaksu, warto zadba\u0107 o sprawy przed kt\u00f3rymi nie ma ucieczki \u2013 wyprawka szkolna 2020\/2021. O ile kiedy\u015b przygotowanie si\u0119 na rozpocz\u0119cie roku szkolnego nie by\u0142o niczym trudnym, tak przy dzisiejszym wachlarzu mo\u017cliwo\u015bci, dost\u0119pno\u015bci\u0105 najr\u00f3\u017cniejszych produkt\u00f3w i ich wariant\u00f3w mo\u017cna si\u0119 pogubi\u0107.\" \/>\n<meta property=\"og:url\" content=\"https:\/\/vitoteam.pl\/index.php\/2020\/06\/25\/wyprawka-szkolna-2020-2021\/\" \/>\n<meta property=\"og:site_name\" content=\"Vito Team Blog\" \/>\n<meta property=\"article:published_time\" content=\"2020-06-25T08:25:46+00:00\" \/>\n<meta property=\"article:modified_time\" content=\"2020-07-14T16:24:37+00:00\" \/>\n<meta property=\"og:image\" content=\"https:\/\/vitoteam.pl\/wp-content\/uploads\/2020\/06\/tornister.jpg\" \/>\n\t<meta property=\"og:image:width\" content=\"1500\" \/>\n\t<meta property=\"og:image:height\" content=\"1500\" \/>\n<meta name=\"twitter:card\" content=\"summary_large_image\" \/>\n<meta name=\"twitter:label1\" content=\"Written by\">\n\t<meta name=\"twitter:data1\" content=\"admin\">\n\t<meta name=\"twitter:label2\" content=\"Est. reading time\">\n\t<meta name=\"twitter:data2\" content=\"5 minut\">\n<script type=\"application\/ld+json\" class=\"yoast-schema-graph\">{\"@context\":\"https:\/\/schema.org\",\"@graph\":[{\"@type\":\"WebSite\",\"@id\":\"https:\/\/vitoteam.pl\/#website\",\"url\":\"https:\/\/vitoteam.pl\/\",\"name\":\"Vito Team Blog\",\"description\":\"Wszystko o Vito &amp; Bella.\",\"potentialAction\":[{\"@type\":\"SearchAction\",\"target\":\"https:\/\/vitoteam.pl\/?s={search_term_string}\",\"query-input\":\"required name=search_term_string\"}],\"inLanguage\":\"pl-PL\"},{\"@type\":\"ImageObject\",\"@id\":\"https:\/\/vitoteam.pl\/index.php\/2020\/06\/25\/wyprawka-szkolna-2020-2021\/#primaryimage\",\"inLanguage\":\"pl-PL\",\"url\":\"https:\/\/vitoteam.pl\/wp-content\/uploads\/2020\/06\/tornister.jpg\",\"width\":1500,\"height\":1500},{\"@type\":\"WebPage\",\"@id\":\"https:\/\/vitoteam.pl\/index.php\/2020\/06\/25\/wyprawka-szkolna-2020-2021\/#webpage\",\"url\":\"https:\/\/vitoteam.pl\/index.php\/2020\/06\/25\/wyprawka-szkolna-2020-2021\/\",\"name\":\"WYPRAWKA SZKOLNA 2020\/2021 - Vito Team Blog\",\"isPartOf\":{\"@id\":\"https:\/\/vitoteam.pl\/#website\"},\"primaryImageOfPage\":{\"@id\":\"https:\/\/vitoteam.pl\/index.php\/2020\/06\/25\/wyprawka-szkolna-2020-2021\/#primaryimage\"},\"datePublished\":\"2020-06-25T08:25:46+00:00\",\"dateModified\":\"2020-07-14T16:24:37+00:00\",\"author\":{\"@id\":\"https:\/\/vitoteam.pl\/#\/schema\/person\/9997dcb840668bed9ddccd6d0cc5582e\"},\"inLanguage\":\"pl-PL\",\"potentialAction\":[{\"@type\":\"ReadAction\",\"target\":[\"https:\/\/vitoteam.pl\/index.php\/2020\/06\/25\/wyprawka-szkolna-2020-2021\/\"]}]},{\"@type\":\"Person\",\"@id\":\"https:\/\/vitoteam.pl\/#\/schema\/person\/9997dcb840668bed9ddccd6d0cc5582e\",\"name\":\"admin\",\"image\":{\"@type\":\"ImageObject\",\"@id\":\"https:\/\/vitoteam.pl\/#personlogo\",\"inLanguage\":\"pl-PL\",\"url\":\"https:\/\/secure.gravatar.com\/avatar\/7885fd4a2aa5b538c78b0bab43f96639?s=96&d=mm&r=g\",\"caption\":\"admin\"}}]}<\/script>\n<!-- \/ Yoast SEO plugin. -->","_links":{"self":[{"href":"https:\/\/vitoteam.pl\/index.php\/wp-json\/wp\/v2\/posts\/3904"}],"collection":[{"href":"https:\/\/vitoteam.pl\/index.php\/wp-json\/wp\/v2\/posts"}],"about":[{"href":"https:\/\/vitoteam.pl\/index.php\/wp-json\/wp\/v2\/types\/post"}],"author":[{"embeddable":true,"href":"https:\/\/vitoteam.pl\/index.php\/wp-json\/wp\/v2\/users\/1"}],"replies":[{"embeddable":true,"href":"https:\/\/vitoteam.pl\/index.php\/wp-json\/wp\/v2\/comments?post=3904"}],"version-history":[{"count":0,"href":"https:\/\/vitoteam.pl\/index.php\/wp-json\/wp\/v2\/posts\/3904\/revisions"}],"wp:featuredmedia":[{"embeddable":true,"href":"https:\/\/vitoteam.pl\/index.php\/wp-json\/wp\/v2\/media\/3905"}],"wp:attachment":[{"href":"https:\/\/vitoteam.pl\/index.php\/wp-json\/wp\/v2\/media?parent=3904"}],"wp:term":[{"taxonomy":"category","embeddable":true,"href":"https:\/\/vitoteam.pl\/index.php\/wp-json\/wp\/v2\/categories?post=3904"},{"taxonomy":"post_tag","embeddable":true,"href":"https:\/\/vitoteam.pl\/index.php\/wp-json\/wp\/v2\/tags?post=3904"}],"curies":[{"name":"wp","href":"https:\/\/api.w.org\/{rel}","templated":true}]}}