{"id":3889,"date":"2020-06-23T23:03:17","date_gmt":"2020-06-23T21:03:17","guid":{"rendered":"http:\/\/vitoteam.pl\/?p=3889"},"modified":"2020-08-10T15:40:47","modified_gmt":"2020-08-10T13:40:47","slug":"vito-shop-i-bella-style-nad-morzem","status":"publish","type":"post","link":"https:\/\/vitoteam.pl\/index.php\/2020\/06\/23\/vito-shop-i-bella-style-nad-morzem\/","title":{"rendered":"VITO SHOP I BELLA STYLE NAD MORZEM!"},"content":{"rendered":"\n<p>Ekipa Vito Team postanowi\u0142a po raz drugi odwiedzi\u0107&nbsp;<strong>polskie wybrze\u017ce<\/strong>&nbsp;ze swoim stoiskiem sklepowym, a konkretnie \u2013 Mrze\u017cyno i Pogorzelic\u0119. W tamtym roku mobilny sklep Vito Shop i Bella Style pojawi\u0142 si\u0119 r\u00f3wnie\u017c w Mielnie. Czy i tym razem fani Vito i Belli pojawi\u0105 si\u0119 t\u0142umnie?&nbsp;<\/p>\n\n\n\n<ol><li><strong>Czym jest pop-up store?<\/strong><\/li><li><strong>Kiedy pojawi\u0105 si\u0119 sklepy?<\/strong><\/li><li><strong>W kt\u00f3rym miejscu pojawi\u0105 si\u0119 sklepy?<\/strong><\/li><li><strong>Co mo\u017cna kupi\u0107 w Vito Shop i Bella Style?&nbsp;<\/strong><\/li><li><strong>Czy Vito i Bella pojawi\u0105 si\u0119 nad morzem?<\/strong><\/li><\/ol>\n\n\n\n<figure class=\"wp-block-image size-large\"><img loading=\"lazy\" width=\"1024\" height=\"512\" src=\"http:\/\/vitoteam.pl\/wp-content\/uploads\/2020\/08\/front-1024x512.jpg\" alt=\"Vito i Bella nad morzem\" class=\"wp-image-4028\" srcset=\"https:\/\/vitoteam.pl\/wp-content\/uploads\/2020\/08\/front-1024x512.jpg 1024w, https:\/\/vitoteam.pl\/wp-content\/uploads\/2020\/08\/front-300x150.jpg 300w, https:\/\/vitoteam.pl\/wp-content\/uploads\/2020\/08\/front-768x384.jpg 768w, https:\/\/vitoteam.pl\/wp-content\/uploads\/2020\/08\/front.jpg 1300w\" sizes=\"(max-width: 1024px) 100vw, 1024px\" \/><figcaption>Vito Shop i Bella Style nad morzem<\/figcaption><\/figure>\n\n\n\n<h2><strong>Czym jest pop-up store?<\/strong><\/h2>\n\n\n\n<p>Pop-up store to&nbsp;<strong>sklepy<\/strong>, kt\u00f3re dzia\u0142aj\u0105 jedynie przez okre\u015blony czas. Mog\u0105 to by\u0107&nbsp;<strong>mobilne stoiska sklepowe<\/strong>, kt\u00f3re \u0142atwo jest przenie\u015b\u0107 w inne miejsce. Dzi\u0119ki sklepom pop-up store klienci danej marki mog\u0105 dotrze\u0107 do ulubionych produkt\u00f3w w miastach, gdzie na co dzie\u0144 nie funkcjonuj\u0105 sklepy stacjonarne. Nasz pop-up store z artyku\u0142ami ze sklep\u00f3w Vito Shop i Bella Style to gratka dla fan\u00f3w Vito i Belli! Po raz pierwszy pojawili\u015bmy si\u0119 z naszym namiotem w Warszawie podczas \u201eVito i Bella Show\u201d, kt\u00f3re odby\u0142o si\u0119 w hali Torwar. Do tej pory odwiedzili\u015bmy r\u00f3wnie\u017c Pozna\u0144, Zabrze, Gda\u0144sk, Krak\u00f3w i wspomniane Mielno.<\/p>\n\n\n\n<h2><strong>Kiedy pojawi\u0105 si\u0119 sklepy?<\/strong><\/h2>\n\n\n\n<p>Sklep z produktami z Vito Shop i Bella Style pojawi si\u0119 15 sierpnia w Mrze\u017cynie, a w Pogorzelicy \u2013 16 sierpnia. B\u0119dzie on dost\u0119pny dla klient\u00f3w&nbsp;<strong>od godziny 10 a\u017c do ostatniego klienta<\/strong>.&nbsp;<\/p>\n\n\n\n<h2><strong>W kt\u00f3rym miejscu pojawi\u0105 si\u0119 sklepy?<\/strong><\/h2>\n\n\n\n<p>Namiot, pod kt\u00f3rym pojawi si\u0119 stoisko sklepowe Vito Shop oraz Bella Style, stanie<strong> przy Hotelu Zalewskim&nbsp;<\/strong>w Mrze\u017cynie oraz przy hotelu <strong>Sandra SPA<\/strong> w Pogorzelicy. Obiekty znajduj\u0105 si\u0119 tu\u017c przy pla\u017cy. Rozmiary namiotu sprawi\u0105, \u017ce bez problemu zostanie zauwa\u017cony nawet z du\u017cej odleg\u0142o\u015bci.<\/p>\n\n\n\n<figure class=\"wp-block-image size-large\"><img loading=\"lazy\" width=\"1280\" height=\"720\" src=\"http:\/\/vitoteam.pl\/wp-content\/uploads\/2020\/06\/6.jpg\" alt=\"Vito Shop i Bella Style w Warszawie\" class=\"wp-image-3891\" srcset=\"https:\/\/vitoteam.pl\/wp-content\/uploads\/2020\/06\/6.jpg 300w, https:\/\/vitoteam.pl\/wp-content\/uploads\/2020\/06\/6.jpg 1024w, https:\/\/vitoteam.pl\/wp-content\/uploads\/2020\/06\/6.jpg 768w, https:\/\/vitoteam.pl\/wp-content\/uploads\/2020\/06\/6.jpg 1280w\" sizes=\"(max-width: 1280px) 100vw, 1280px\" \/><figcaption>Vito Shop i Bella Style w Warszawie<\/figcaption><\/figure>\n\n\n\n<h2><strong>Co mo\u017cna kupi\u0107 w Vito Shop i Bella Style?<\/strong><\/h2>\n\n\n\n<p>W sklepach Vito Shop i Bella Style kupisz wiele r\u00f3\u017cnych produkt\u00f3w dla dzieci, m.in.: koszulki, bluzy, czapki, kubki, breloki, artyku\u0142y szkolne, r\u0119czniki pla\u017cowe, czasopismo \u201eVito Team\u201d, Niezb\u0119dnik Belli i wiele innych gad\u017cet\u00f3w. Sprawd\u017a nasz\u0105 ofert\u0119 na&nbsp;<strong>www.vitoshop.pl i www.bellastyle.pl<\/strong>. W Mrze\u017cynie i Pogorzelicy zach\u0119camy do korzystania z kart p\u0142atniczych.<\/p>\n\n\n\n<h2><strong><strong>Czy Vito i Bella b\u0119d\u0105 w Mrze\u017cynie i Pogorzelicy? <\/strong><\/strong><\/h2>\n\n\n\n<p>Czy jest szansa na to, by zrobi\u0107 sobie zdj\u0119cie z Vito i Bell\u0105 oraz chwil\u0119 z nimi porozmawia\u0107? Z pewno\u015bci\u0105 wielu fan\u00f3w chce zna\u0107 odpowied\u017a na to pytanie. Z przykro\u015bci\u0105 informujemy, \u017ce popularni youtuberzy&nbsp;nie pojawi\u0105 si\u0119&nbsp;nad morzem. Pami\u0119taj jednak, \u017ce masz szans\u0119 zdoby\u0107 ich autograf, kupuj\u0105c nasze produkty (liczba autograf\u00f3w jest ograniczona). Dodatkowo b\u0119dziesz m\u00f3g\u0142 pozowa\u0107 do zdj\u0119\u0107 na tle specjalnej \u015bcianki z podobiznami Vito i Belli. Istnieje r\u00f3wnie\u017c szansa, \u017ce spotkasz pluszowe wersje swoich ulubionych bohater\u00f3w.<\/p>\n\n\n\n<figure class=\"wp-block-image size-large\"><img loading=\"lazy\" width=\"1280\" height=\"720\" src=\"http:\/\/vitoteam.pl\/wp-content\/uploads\/2020\/06\/fotoartykul1-1.jpg\" alt=\"\" class=\"wp-image-3894\" srcset=\"https:\/\/vitoteam.pl\/wp-content\/uploads\/2020\/06\/fotoartykul1-1.jpg 300w, https:\/\/vitoteam.pl\/wp-content\/uploads\/2020\/06\/fotoartykul1-1.jpg 1024w, https:\/\/vitoteam.pl\/wp-content\/uploads\/2020\/06\/fotoartykul1-1.jpg 768w, https:\/\/vitoteam.pl\/wp-content\/uploads\/2020\/06\/fotoartykul1-1.jpg 1280w\" sizes=\"(max-width: 1280px) 100vw, 1280px\" \/><figcaption>Vito Shop i Bella Style w Warszawie<\/figcaption><\/figure>\n","protected":false},"excerpt":{"rendered":"<p>Ekipa Vito Team postanowi\u0142a po raz drugi odwiedzi\u0107 Warszaw\u0119 ze swoim stoiskiem sklepowym. W tamtym roku mobilne sklepy Vito Shop i Bella Style pojawi\u0142y si\u0119 r\u00f3wnie\u017c w takich miastach, jak: Mielno, Pozna\u0144, Zabrze i Gda\u0144sk. Czy i tym razem fani Vito i Belli pojawi\u0105 si\u0119 t\u0142umnie? <\/p>\n","protected":false},"author":1,"featured_media":4032,"comment_status":"open","ping_status":"open","sticky":false,"template":"","format":"standard","meta":[],"categories":[38],"tags":[188,189,190,192,193,44,194,49,86,100,187,103,51,101,102,186],"yoast_head":"<!-- This site is optimized with the Yoast SEO plugin v15.4 - https:\/\/yoast.com\/wordpress\/plugins\/seo\/ -->\n<title>VITO SHOP I BELLA STYLE NAD MORZEM! - Vito Team Blog<\/title>\n<meta name=\"description\" content=\"Ekipa Vito Team postanowi\u0142a po raz drugi odwiedzi\u0107 polskie wybrze\u017ce ze swoim stoiskiem sklepowym, a konkretnie \u2013 Mrze\u017cyno i Pogorzelic\u0119.\" \/>\n<meta name=\"robots\" content=\"index, follow, max-snippet:-1, max-image-preview:large, max-video-preview:-1\" \/>\n<link rel=\"canonical\" href=\"https:\/\/vitoteam.pl\/index.php\/2020\/06\/23\/vito-shop-i-bella-style-nad-morzem\/\" \/>\n<meta property=\"og:locale\" content=\"pl_PL\" \/>\n<meta property=\"og:type\" content=\"article\" \/>\n<meta property=\"og:title\" content=\"VITO SHOP I BELLA STYLE NAD MORZEM! - Vito Team Blog\" \/>\n<meta property=\"og:description\" content=\"Ekipa Vito Team postanowi\u0142a po raz drugi odwiedzi\u0107 polskie wybrze\u017ce ze swoim stoiskiem sklepowym, a konkretnie \u2013 Mrze\u017cyno i Pogorzelic\u0119.\" \/>\n<meta property=\"og:url\" content=\"https:\/\/vitoteam.pl\/index.php\/2020\/06\/23\/vito-shop-i-bella-style-nad-morzem\/\" \/>\n<meta property=\"og:site_name\" content=\"Vito Team Blog\" \/>\n<meta property=\"article:published_time\" content=\"2020-06-23T21:03:17+00:00\" \/>\n<meta property=\"article:modified_time\" content=\"2020-08-10T13:40:47+00:00\" \/>\n<meta property=\"og:image\" content=\"https:\/\/vitoteam.pl\/wp-content\/uploads\/2020\/06\/front.jpg\" \/>\n\t<meta property=\"og:image:width\" content=\"1300\" \/>\n\t<meta property=\"og:image:height\" content=\"650\" \/>\n<meta name=\"twitter:card\" content=\"summary_large_image\" \/>\n<meta name=\"twitter:label1\" content=\"Written by\">\n\t<meta name=\"twitter:data1\" content=\"admin\">\n\t<meta name=\"twitter:label2\" content=\"Est. reading time\">\n\t<meta name=\"twitter:data2\" content=\"2 minuty\">\n<script type=\"application\/ld+json\" class=\"yoast-schema-graph\">{\"@context\":\"https:\/\/schema.org\",\"@graph\":[{\"@type\":\"WebSite\",\"@id\":\"https:\/\/vitoteam.pl\/#website\",\"url\":\"https:\/\/vitoteam.pl\/\",\"name\":\"Vito Team Blog\",\"description\":\"Wszystko o Vito &amp; Bella.\",\"potentialAction\":[{\"@type\":\"SearchAction\",\"target\":\"https:\/\/vitoteam.pl\/?s={search_term_string}\",\"query-input\":\"required name=search_term_string\"}],\"inLanguage\":\"pl-PL\"},{\"@type\":\"ImageObject\",\"@id\":\"https:\/\/vitoteam.pl\/index.php\/2020\/06\/23\/vito-shop-i-bella-style-nad-morzem\/#primaryimage\",\"inLanguage\":\"pl-PL\",\"url\":\"https:\/\/vitoteam.pl\/wp-content\/uploads\/2020\/06\/front.jpg\",\"width\":1300,\"height\":650,\"caption\":\"Vito Shop nad morzem\"},{\"@type\":\"WebPage\",\"@id\":\"https:\/\/vitoteam.pl\/index.php\/2020\/06\/23\/vito-shop-i-bella-style-nad-morzem\/#webpage\",\"url\":\"https:\/\/vitoteam.pl\/index.php\/2020\/06\/23\/vito-shop-i-bella-style-nad-morzem\/\",\"name\":\"VITO SHOP I BELLA STYLE NAD MORZEM! - Vito Team Blog\",\"isPartOf\":{\"@id\":\"https:\/\/vitoteam.pl\/#website\"},\"primaryImageOfPage\":{\"@id\":\"https:\/\/vitoteam.pl\/index.php\/2020\/06\/23\/vito-shop-i-bella-style-nad-morzem\/#primaryimage\"},\"datePublished\":\"2020-06-23T21:03:17+00:00\",\"dateModified\":\"2020-08-10T13:40:47+00:00\",\"author\":{\"@id\":\"https:\/\/vitoteam.pl\/#\/schema\/person\/9997dcb840668bed9ddccd6d0cc5582e\"},\"description\":\"Ekipa Vito Team postanowi\\u0142a po raz drugi odwiedzi\\u0107 polskie wybrze\\u017ce ze swoim stoiskiem sklepowym, a konkretnie \\u2013 Mrze\\u017cyno i Pogorzelic\\u0119.\",\"inLanguage\":\"pl-PL\",\"potentialAction\":[{\"@type\":\"ReadAction\",\"target\":[\"https:\/\/vitoteam.pl\/index.php\/2020\/06\/23\/vito-shop-i-bella-style-nad-morzem\/\"]}]},{\"@type\":\"Person\",\"@id\":\"https:\/\/vitoteam.pl\/#\/schema\/person\/9997dcb840668bed9ddccd6d0cc5582e\",\"name\":\"admin\",\"image\":{\"@type\":\"ImageObject\",\"@id\":\"https:\/\/vitoteam.pl\/#personlogo\",\"inLanguage\":\"pl-PL\",\"url\":\"https:\/\/secure.gravatar.com\/avatar\/7885fd4a2aa5b538c78b0bab43f96639?s=96&d=mm&r=g\",\"caption\":\"admin\"}}]}<\/script>\n<!-- \/ Yoast SEO plugin. -->","_links":{"self":[{"href":"https:\/\/vitoteam.pl\/index.php\/wp-json\/wp\/v2\/posts\/3889"}],"collection":[{"href":"https:\/\/vitoteam.pl\/index.php\/wp-json\/wp\/v2\/posts"}],"about":[{"href":"https:\/\/vitoteam.pl\/index.php\/wp-json\/wp\/v2\/types\/post"}],"author":[{"embeddable":true,"href":"https:\/\/vitoteam.pl\/index.php\/wp-json\/wp\/v2\/users\/1"}],"replies":[{"embeddable":true,"href":"https:\/\/vitoteam.pl\/index.php\/wp-json\/wp\/v2\/comments?post=3889"}],"version-history":[{"count":0,"href":"https:\/\/vitoteam.pl\/index.php\/wp-json\/wp\/v2\/posts\/3889\/revisions"}],"wp:featuredmedia":[{"embeddable":true,"href":"https:\/\/vitoteam.pl\/index.php\/wp-json\/wp\/v2\/media\/4032"}],"wp:attachment":[{"href":"https:\/\/vitoteam.pl\/index.php\/wp-json\/wp\/v2\/media?parent=3889"}],"wp:term":[{"taxonomy":"category","embeddable":true,"href":"https:\/\/vitoteam.pl\/index.php\/wp-json\/wp\/v2\/categories?post=3889"},{"taxonomy":"post_tag","embeddable":true,"href":"https:\/\/vitoteam.pl\/index.php\/wp-json\/wp\/v2\/tags?post=3889"}],"curies":[{"name":"wp","href":"https:\/\/api.w.org\/{rel}","templated":true}]}}