{"id":3760,"date":"2020-06-04T21:56:17","date_gmt":"2020-06-04T19:56:17","guid":{"rendered":"http:\/\/vitoteam.pl\/?p=3760"},"modified":"2020-06-17T11:17:28","modified_gmt":"2020-06-17T09:17:28","slug":"budujemy-kopalnie-z-wagonikami-do-transportu-surowcow-w-minecrafcie","status":"publish","type":"post","link":"https:\/\/vitoteam.pl\/index.php\/2020\/06\/04\/budujemy-kopalnie-z-wagonikami-do-transportu-surowcow-w-minecrafcie\/","title":{"rendered":"Wakacje 2020 \u2013 czy b\u0119d\u0105 normalne?"},"content":{"rendered":"\n<p>Wielkimi krokami zbli\u017ca si\u0119\ntermin wakacji! Tegoroczne b\u0119d\u0105 troch\u0119 inne ni\u017c wszystkie. Wygl\u0105da na to, \u017ce\nb\u0119dziemy musieli sp\u0119dzi\u0107 je w naszym kraju, a to ze wzgl\u0119du na \u015bwiatow\u0105\nsytuacj\u0119 zdrowotn\u0105. Gdzie pojecha\u0107 na wakacje? Jak si\u0119 do nich przygotowa\u0107? Co zabra\u0107\nze sob\u0105 w podr\u00f3\u017c? Na te i inne pytania odpowiedzi znajdziesz w niniejszym\nartykule. <\/p>\n\n\n\n<ol><li><strong>Czy wakacje 2020 si\u0119 odb\u0119d\u0105?<\/strong><\/li><li><strong>Maseczki i ograniczenia.<\/strong><\/li><li><strong>Gdzie sp\u0119dzi\u0107 wakacje 2020?<\/strong><\/li><li><strong>Co zabra\u0107 ze sob\u0105?<\/strong><\/li><\/ol>\n\n\n\n<h2><strong>Czy wakacje 2020 si\u0119 odb\u0119d\u0105?<\/strong><\/h2>\n\n\n\n<p>Wszystko wskazuje na to, \u017ce polskie granice zostan\u0105\nca\u0142kowicie otwarte w lipcu. Wakacje w 2020 roku oficjalnie rozpoczynaj\u0105 si\u0119 26\nczerwca, ale nieoficjalnie trwaj\u0105 ju\u017c pewien czas. Zdecydowana wi\u0119kszo\u015b\u0107\nPolak\u00f3w sp\u0119dzi wakacje w kraju, co pozytywnie wp\u0142ynie na rynek turystyczny.\nWakacje 2020 odb\u0119d\u0105 si\u0119 i b\u0119d\u0105 ca\u0142kiem normalne, jednak nale\u017cy pami\u0119ta\u0107 o wci\u0105\u017c\npanuj\u0105cym koronawirusie i reagowa\u0107 na ka\u017cd\u0105 niepokoj\u0105c\u0105 sytuacj\u0119.<\/p>\n\n\n\n<h2><strong>Maseczki i ograniczenia<\/strong><\/h2>\n\n\n\n<p>Czy wakacje b\u0119d\u0105 bez maseczek? Przed nami upa\u0142y i nikt nie\nwyobra\u017ca sobie noszenia maseczek na pla\u017cy. Mimo zniesienia obowi\u0105zku zakrywania\ntwarzy na co dzie\u0144, nadal obowi\u0105zuje on w przestrzeniach publicznych, takich\njak autobusy, tramwaje i sklepy spo\u017cywcze. Pami\u0119tajmy r\u00f3wnie\u017c o zalecanych\nodst\u0119pach od innych ludzi. Mniej os\u00f3b mo\u017ce usi\u0105\u015b\u0107 tak\u017ce w restauracji. To dobra\nokazja, by zaopatrzy\u0107 si\u0119 w ochronne maseczki dla dzieci od Vito Team.\nPosiadamy wiele wzor\u00f3w w r\u00f3\u017cnych kolorach. Zapraszamy na <a href=\"http:\/\/www.vitoshop.pl\">www.vitoshop.pl<\/a>. <\/p>\n\n\n\n<h2><strong>Gdzie sp\u0119dzi\u0107 wakacje 2020?<\/strong><\/h2>\n\n\n\n<p>Ju\u017c w artykule <em>\u201eWAKACJE!\nCo, jak, gdzie?\u201d<\/em> przedstawiali\u015bmy nasze propozycje na wakacje 2020. Z racji\ntego, \u017ce wyjazd za granic\u0119 b\u0119dzie nieco utrudniony, warto sp\u0119dzi\u0107 ten czas w\nnaszym kraju. Nale\u017cy pami\u0119ta\u0107, \u017ce Polska to tak\u017ce wiele atrakcyjnych miejsc do\nwypoczynku. Wakacje w g\u00f3rach? Prosz\u0119 bardzo! Wakacje nad jeziorem? Jak\nnajbardziej! A mo\u017ce wakacje nad morzem? Nie ma problemu! Ka\u017cdy znajdzie tutaj\nco\u015b dla siebie. Pami\u0119tajmy, \u017ce ogranicza nas jedynie wyobra\u017ania. R\u00f3wnie\u017c dzi\u015b,\nnawet w obliczu \u015bwiatowej pandemii, mo\u017cemy zaplanowa\u0107 i zrealizowa\u0107 fantastyczne\nwakacje dla dzieci! <\/p>\n\n\n\n<h2><strong>Co zabra\u0107 ze sob\u0105?<\/strong><\/h2>\n\n\n\n<p>Z pewno\u015bci\u0105 wiele os\u00f3b zastanawia si\u0119, co zabra\u0107 ze sob\u0105 na\nwakacje. Najcz\u0119\u015bciej to nasze dzieci nie mog\u0105 zdecydowa\u0107 si\u0119, co spakowa\u0107 do\nplecaka. Przed wyjazdem warto sprawdzi\u0107 pogod\u0119, aby \u017cadne warunki nie mog\u0142y nas\nzaskoczy\u0107 na miejscu. Lista podstawowych rzeczy na wakacje, to m.in.:\ndokumenty, apteczka, \u0142adowarka do telefonu, kremy z filtrem, odpowiednie\nubrania i mapa. Je\u015bli nie chcemy, by upa\u0142 zaszkodzi\u0142 naszemu zdrowiu, warto\nzabra\u0107 ze sob\u0105 nakrycie g\u0142owy, szczeg\u00f3lnie dla naszych dzieci. Tak si\u0119 sk\u0142ada,\n\u017ce sklepy Vito Shop oraz Bella Style (<a href=\"http:\/\/www.bellastyle.pl\">www.bellastyle.pl<\/a>)\nposiadaj\u0105 w swojej ofercie czapki z daszkiem. Nasze produkty skutecznie chroni\u0105\nprzed s\u0142o\u0144cem oraz dope\u0142niaj\u0105 garderob\u0119 wielbiciela Vito i Belli.<\/p>\n\n\n\n<figure class=\"wp-block-image size-large\"><a href=\"https:\/\/vitoshop.pl\/kategoria\/czapki\/czapka-z-daszkiem-snapback-vito-team-czarna-gratis-karta-z-autografem-vito-i-belli\"><img loading=\"lazy\" width=\"300\" height=\"209\" src=\"http:\/\/vitoteam.pl\/wp-content\/uploads\/2020\/06\/czapka.jpg\" alt=\"czapa Vito Team, Vito Shop\" class=\"wp-image-3782\" srcset=\"https:\/\/vitoteam.pl\/wp-content\/uploads\/2020\/06\/czapka.jpg 300w, https:\/\/vitoteam.pl\/wp-content\/uploads\/2020\/06\/czapka.jpg 1024w, https:\/\/vitoteam.pl\/wp-content\/uploads\/2020\/06\/czapka.jpg 768w, https:\/\/vitoteam.pl\/wp-content\/uploads\/2020\/06\/czapka.jpg 1536w, https:\/\/vitoteam.pl\/wp-content\/uploads\/2020\/06\/czapka.jpg 2048w\" sizes=\"(max-width: 300px) 100vw, 300px\" \/><\/a><figcaption>czapa Vito Team, Vito Shop<\/figcaption><\/figure>\n\n\n\n<p>Co\u015b, czego nie mo\u017ce zabrakn\u0105\u0107 podczas wypoczynku z rodzin\u0105 nad morzem lub jeziorem, to r\u0119cznik pla\u017cowy. Proponujemy r\u0119cznik dla dzieci o wymiarach 140 x 70 cm, dost\u0119pny&nbsp; w kilku wariantach kolorystycznych. To idealna okazja, by spotka\u0107 fana Vito i Belli w\u015br\u00f3d pla\u017cowicz\u00f3w i spr\u00f3bowa\u0107 si\u0119 z nim zaprzyja\u017ani\u0107!&nbsp; <\/p>\n\n\n\n<figure class=\"wp-block-image size-large\"><a href=\"https:\/\/vitoshop.pl\/recznik-140-x-70-vito-team-logo-gratis-karta-z-autografem-vito-i-belli\"><img loading=\"lazy\" width=\"1500\" height=\"1500\" src=\"http:\/\/vitoteam.pl\/wp-content\/uploads\/2020\/06\/recznik-1.jpg\" alt=\"R\u0119cznik Vito Team, Vito Shop\" class=\"wp-image-3784\" srcset=\"https:\/\/vitoteam.pl\/wp-content\/uploads\/2020\/06\/recznik-1.jpg 300w, https:\/\/vitoteam.pl\/wp-content\/uploads\/2020\/06\/recznik-1.jpg 1024w, https:\/\/vitoteam.pl\/wp-content\/uploads\/2020\/06\/recznik-1.jpg 150w, https:\/\/vitoteam.pl\/wp-content\/uploads\/2020\/06\/recznik-1.jpg 768w, https:\/\/vitoteam.pl\/wp-content\/uploads\/2020\/06\/recznik-1.jpg 1500w\" sizes=\"(max-width: 1500px) 100vw, 1500px\" \/><\/a><figcaption>R\u0119cznik Vito Team, Vito Shop<\/figcaption><\/figure>\n\n\n\n<p>Zdarza si\u0119, \u017ce Twoje dziecko cz\u0119sto gubi r\u00f3\u017cne rzeczy?\nVitoshop od dawna ma w swojej ofercie nie tylko plecaki szkolne, ale tak\u017ce\nplecaki turystyczne. W podr\u00f3\u017cy lub na wakacjach \u015bwietnie sprawdz\u0105 si\u0119 r\u00f3wnie\u017c\nnerki oraz worki dla dzieci, dost\u0119pne w kolorach dla ch\u0142opca i dziewczynki. Wakacje\n2020 dla fana Vito i Belli zapowiadaj\u0105 si\u0119 wyj\u0105tkowo! Sprawd\u017a nasz asortyment w\nobu sklepach.<\/p>\n\n\n\n<figure class=\"wp-block-image size-large\"><img loading=\"lazy\" width=\"980\" height=\"980\" src=\"http:\/\/vitoteam.pl\/wp-content\/uploads\/2020\/06\/worek.jpg\" alt=\"Worek Tsunami, Vito shop\" class=\"wp-image-3785\" srcset=\"https:\/\/vitoteam.pl\/wp-content\/uploads\/2020\/06\/worek.jpg 300w, https:\/\/vitoteam.pl\/wp-content\/uploads\/2020\/06\/worek.jpg 150w, https:\/\/vitoteam.pl\/wp-content\/uploads\/2020\/06\/worek.jpg 768w, https:\/\/vitoteam.pl\/wp-content\/uploads\/2020\/06\/worek.jpg 980w\" sizes=\"(max-width: 980px) 100vw, 980px\" \/><figcaption>Worek Tsunami, Vito shop<\/figcaption><\/figure>\n\n\n\n<p>Ostatnia wa\u017cna rzecz: dopilnuj, by Twoje dziecko nie\nzapomnia\u0142o wys\u0142a\u0107 wakacyjnej poczt\u00f3wki z podr\u00f3\u017cy do przyjaci\u00f3\u0142 lub kogo\u015b z\nrodziny. Zestaw 10 poczt\u00f3wek w bardzo atrakcyjnej cenie znajdziesz w naszym\nsklepie internetowym. \u017byczymy Wam aktywnych i bezpiecznych wakacji 2020!<\/p>\n\n\n\n<figure class=\"wp-block-image size-large\"><a href=\"https:\/\/vitoshop.pl\/zestaw-10-pocztowek-vito-i-bella-gratis-karta-z-autografem-vito-i-belli\"><img loading=\"lazy\" width=\"1500\" height=\"1500\" src=\"http:\/\/vitoteam.pl\/wp-content\/uploads\/2020\/06\/pocztowki.png\" alt=\"Poczt\u00f3wki Vito i Bella, Vito Shop\" class=\"wp-image-3786\" srcset=\"https:\/\/vitoteam.pl\/wp-content\/uploads\/2020\/06\/pocztowki.png 300w, https:\/\/vitoteam.pl\/wp-content\/uploads\/2020\/06\/pocztowki.png 1024w, https:\/\/vitoteam.pl\/wp-content\/uploads\/2020\/06\/pocztowki.png 150w, https:\/\/vitoteam.pl\/wp-content\/uploads\/2020\/06\/pocztowki.png 768w, https:\/\/vitoteam.pl\/wp-content\/uploads\/2020\/06\/pocztowki.png 1500w\" sizes=\"(max-width: 1500px) 100vw, 1500px\" \/><\/a><figcaption>Poczt\u00f3wki Vito i Bella, Vito Shop<\/figcaption><\/figure>\n\n\n\n<h2>Odwied\u017a tak\u017ce nasze kana\u0142y na YouTubie:<\/h2>\n\n\n\n<figure class=\"wp-block-embed-youtube wp-block-embed is-type-video is-provider-youtube wp-embed-aspect-16-9 wp-has-aspect-ratio\"><div class=\"wp-block-embed__wrapper\">\n<iframe title=\"FASHION FAMOUS DLA ZWIERZAK\u00d3W!\ud83e\udd29 (Pet Show)|Bella z Widzami\" width=\"640\" height=\"360\" src=\"https:\/\/www.youtube.com\/embed\/8IszwAaqW-M?feature=oembed\" frameborder=\"0\" allow=\"accelerometer; autoplay; encrypted-media; gyroscope; picture-in-picture\" allowfullscreen><\/iframe>\n<\/div><figcaption> FASHION FAMOUS DLA ZWIERZAK\u00d3W! <\/figcaption><\/figure>\n\n\n\n<figure class=\"wp-block-embed-youtube wp-block-embed is-type-video is-provider-youtube wp-embed-aspect-16-9 wp-has-aspect-ratio\"><div class=\"wp-block-embed__wrapper\">\n<iframe title=\"MINECRAFT - POMNIK VITO CHALLENGE | NOOB vs PRO vs HAKER | Vito vs Bella\" width=\"640\" height=\"360\" src=\"https:\/\/www.youtube.com\/embed\/HyeoQs7kSac?feature=oembed\" frameborder=\"0\" allow=\"accelerometer; autoplay; encrypted-media; gyroscope; picture-in-picture\" allowfullscreen><\/iframe>\n<\/div><figcaption> MINECRAFT &#8211; POMNIK VITO CHALLENGE <\/figcaption><\/figure>\n\n\n\n<h2>Zobacz inny artyku\u0142:<\/h2>\n\n\n\n<figure class=\"wp-block-embed-wordpress wp-block-embed is-type-wp-embed is-provider-vito-team-blog\"><div class=\"wp-block-embed__wrapper\">\n<blockquote class=\"wp-embedded-content\" data-secret=\"ZuMBOzXoCr\"><a href=\"http:\/\/vitoteam.pl\/index.php\/2020\/05\/25\/wywiad-z-vito-i-bella-nie-czujemy-sie-gwiazdami\/\">WYWIAD Z VITO I BELL\u0104: &#8222;NIE CZUJEMY SI\u0118 GWIAZDAMI!&#8221;<\/a><\/blockquote><iframe class=\"wp-embedded-content\" sandbox=\"allow-scripts\" security=\"restricted\" style=\"position: absolute; clip: rect(1px, 1px, 1px, 1px);\" title=\"&#8222;WYWIAD Z VITO I BELL\u0104: &#8222;NIE CZUJEMY SI\u0118 GWIAZDAMI!&#8221;&#8221; &#8212; Vito Team Blog\" src=\"http:\/\/vitoteam.pl\/index.php\/2020\/05\/25\/wywiad-z-vito-i-bella-nie-czujemy-sie-gwiazdami\/embed\/#?secret=ZuMBOzXoCr\" data-secret=\"ZuMBOzXoCr\" width=\"600\" height=\"338\" frameborder=\"0\" marginwidth=\"0\" marginheight=\"0\" scrolling=\"no\"><\/iframe>\n<\/div><figcaption> <a href=\"http:\/\/vitoteam.pl\/index.php\/2020\/05\/25\/wywiad-z-vito-i-bella-nie-czujemy-sie-gwiazdami\/\">Wywiad z Vito i Bella<\/a><\/figcaption><\/figure>\n\n\n\n<figure class=\"wp-block-embed-wordpress wp-block-embed is-type-wp-embed is-provider-vito-team-blog\"><div class=\"wp-block-embed__wrapper\">\n<blockquote class=\"wp-embedded-content\" data-secret=\"ST2HdHrOcs\"><a href=\"http:\/\/vitoteam.pl\/index.php\/2020\/05\/26\/wakacje-co-jak-gdzie\/\">Wakacje! Co, jak, gdzie?<\/a><\/blockquote><iframe class=\"wp-embedded-content\" sandbox=\"allow-scripts\" security=\"restricted\" style=\"position: absolute; clip: rect(1px, 1px, 1px, 1px);\" title=\"&#8222;Wakacje! Co, jak, gdzie?&#8221; &#8212; Vito Team Blog\" src=\"http:\/\/vitoteam.pl\/index.php\/2020\/05\/26\/wakacje-co-jak-gdzie\/embed\/#?secret=ST2HdHrOcs\" data-secret=\"ST2HdHrOcs\" width=\"600\" height=\"338\" frameborder=\"0\" marginwidth=\"0\" marginheight=\"0\" scrolling=\"no\"><\/iframe>\n<\/div><figcaption> <a href=\"http:\/\/vitoteam.pl\/index.php\/2020\/05\/26\/wakacje-co-jak-gdzie\/\">WAKACJE! co, jak, gdzie?<\/a> <\/figcaption><\/figure>\n","protected":false},"excerpt":{"rendered":"<p>Wielkimi krokami zbli\u017ca si\u0119 termin wakacji! Tegoroczne b\u0119d\u0105 troch\u0119 inne ni\u017c wszystkie. Wygl\u0105da na to, \u017ce b\u0119dziemy musieli sp\u0119dzi\u0107 je w naszym kraju, a to ze wzgl\u0119du na \u015bwiatow\u0105 sytuacj\u0119 zdrowotn\u0105. Gdzie pojecha\u0107 na wakacje? Jak si\u0119 do nich przygotowa\u0107? Co zabra\u0107 ze sob\u0105 w podr\u00f3\u017c? Na te i inne pytania odpowiedzi znajdziesz w niniejszym artykule. <\/p>\n","protected":false},"author":1,"featured_media":3787,"comment_status":"closed","ping_status":"closed","sticky":false,"template":"","format":"standard","meta":[],"categories":[178],"tags":[176,96,98,99,97,174,43,85,175,49,86,81,103,51,48,101,102,144,159,173],"yoast_head":"<!-- This site is optimized with the Yoast SEO plugin v15.4 - https:\/\/yoast.com\/wordpress\/plugins\/seo\/ -->\n<title>Wakacje 2020 \u2013 czy b\u0119d\u0105 normalne? - Vito Team Blog<\/title>\n<meta name=\"robots\" content=\"index, follow, max-snippet:-1, max-image-preview:large, max-video-preview:-1\" \/>\n<link rel=\"canonical\" href=\"http:\/\/vitoteam.pl\/index.php\/2020\/06\/04\/budujemy-kopalnie-z-wagonikami-do-transportu-surowcow-w-minecrafcie\/\" \/>\n<meta property=\"og:locale\" content=\"pl_PL\" \/>\n<meta property=\"og:type\" content=\"article\" \/>\n<meta property=\"og:title\" content=\"Wakacje 2020 \u2013 czy b\u0119d\u0105 normalne? - Vito Team Blog\" \/>\n<meta property=\"og:description\" content=\"Wielkimi krokami zbli\u017ca si\u0119 termin wakacji! Tegoroczne b\u0119d\u0105 troch\u0119 inne ni\u017c wszystkie. Wygl\u0105da na to, \u017ce b\u0119dziemy musieli sp\u0119dzi\u0107 je w naszym kraju, a to ze wzgl\u0119du na \u015bwiatow\u0105 sytuacj\u0119 zdrowotn\u0105. Gdzie pojecha\u0107 na wakacje? Jak si\u0119 do nich przygotowa\u0107? Co zabra\u0107 ze sob\u0105 w podr\u00f3\u017c? Na te i inne pytania odpowiedzi znajdziesz w niniejszym artykule.\" \/>\n<meta property=\"og:url\" content=\"http:\/\/vitoteam.pl\/index.php\/2020\/06\/04\/budujemy-kopalnie-z-wagonikami-do-transportu-surowcow-w-minecrafcie\/\" \/>\n<meta property=\"og:site_name\" content=\"Vito Team Blog\" \/>\n<meta property=\"article:published_time\" content=\"2020-06-04T19:56:17+00:00\" \/>\n<meta property=\"article:modified_time\" content=\"2020-06-17T09:17:28+00:00\" \/>\n<meta property=\"og:image\" content=\"https:\/\/vitoteam.pl\/wp-content\/uploads\/2020\/06\/glowna-grafika.jpg\" \/>\n\t<meta property=\"og:image:width\" content=\"1280\" \/>\n\t<meta property=\"og:image:height\" content=\"720\" \/>\n<meta name=\"twitter:card\" content=\"summary_large_image\" \/>\n<meta name=\"twitter:label1\" content=\"Written by\">\n\t<meta name=\"twitter:data1\" content=\"admin\">\n\t<meta name=\"twitter:label2\" content=\"Est. reading time\">\n\t<meta name=\"twitter:data2\" content=\"3 minuty\">\n<script type=\"application\/ld+json\" class=\"yoast-schema-graph\">{\"@context\":\"https:\/\/schema.org\",\"@graph\":[{\"@type\":\"WebSite\",\"@id\":\"https:\/\/vitoteam.pl\/#website\",\"url\":\"https:\/\/vitoteam.pl\/\",\"name\":\"Vito Team Blog\",\"description\":\"Wszystko o Vito &amp; Bella.\",\"potentialAction\":[{\"@type\":\"SearchAction\",\"target\":\"https:\/\/vitoteam.pl\/?s={search_term_string}\",\"query-input\":\"required name=search_term_string\"}],\"inLanguage\":\"pl-PL\"},{\"@type\":\"ImageObject\",\"@id\":\"http:\/\/vitoteam.pl\/index.php\/2020\/06\/04\/budujemy-kopalnie-z-wagonikami-do-transportu-surowcow-w-minecrafcie\/#primaryimage\",\"inLanguage\":\"pl-PL\",\"url\":\"https:\/\/vitoteam.pl\/wp-content\/uploads\/2020\/06\/glowna-grafika.jpg\",\"width\":1280,\"height\":720},{\"@type\":\"WebPage\",\"@id\":\"http:\/\/vitoteam.pl\/index.php\/2020\/06\/04\/budujemy-kopalnie-z-wagonikami-do-transportu-surowcow-w-minecrafcie\/#webpage\",\"url\":\"http:\/\/vitoteam.pl\/index.php\/2020\/06\/04\/budujemy-kopalnie-z-wagonikami-do-transportu-surowcow-w-minecrafcie\/\",\"name\":\"Wakacje 2020 \\u2013 czy b\\u0119d\\u0105 normalne? - Vito Team Blog\",\"isPartOf\":{\"@id\":\"https:\/\/vitoteam.pl\/#website\"},\"primaryImageOfPage\":{\"@id\":\"http:\/\/vitoteam.pl\/index.php\/2020\/06\/04\/budujemy-kopalnie-z-wagonikami-do-transportu-surowcow-w-minecrafcie\/#primaryimage\"},\"datePublished\":\"2020-06-04T19:56:17+00:00\",\"dateModified\":\"2020-06-17T09:17:28+00:00\",\"author\":{\"@id\":\"https:\/\/vitoteam.pl\/#\/schema\/person\/9997dcb840668bed9ddccd6d0cc5582e\"},\"inLanguage\":\"pl-PL\",\"potentialAction\":[{\"@type\":\"ReadAction\",\"target\":[\"http:\/\/vitoteam.pl\/index.php\/2020\/06\/04\/budujemy-kopalnie-z-wagonikami-do-transportu-surowcow-w-minecrafcie\/\"]}]},{\"@type\":\"Person\",\"@id\":\"https:\/\/vitoteam.pl\/#\/schema\/person\/9997dcb840668bed9ddccd6d0cc5582e\",\"name\":\"admin\",\"image\":{\"@type\":\"ImageObject\",\"@id\":\"https:\/\/vitoteam.pl\/#personlogo\",\"inLanguage\":\"pl-PL\",\"url\":\"https:\/\/secure.gravatar.com\/avatar\/7885fd4a2aa5b538c78b0bab43f96639?s=96&d=mm&r=g\",\"caption\":\"admin\"}}]}<\/script>\n<!-- \/ Yoast SEO plugin. -->","_links":{"self":[{"href":"https:\/\/vitoteam.pl\/index.php\/wp-json\/wp\/v2\/posts\/3760"}],"collection":[{"href":"https:\/\/vitoteam.pl\/index.php\/wp-json\/wp\/v2\/posts"}],"about":[{"href":"https:\/\/vitoteam.pl\/index.php\/wp-json\/wp\/v2\/types\/post"}],"author":[{"embeddable":true,"href":"https:\/\/vitoteam.pl\/index.php\/wp-json\/wp\/v2\/users\/1"}],"replies":[{"embeddable":true,"href":"https:\/\/vitoteam.pl\/index.php\/wp-json\/wp\/v2\/comments?post=3760"}],"version-history":[{"count":0,"href":"https:\/\/vitoteam.pl\/index.php\/wp-json\/wp\/v2\/posts\/3760\/revisions"}],"wp:featuredmedia":[{"embeddable":true,"href":"https:\/\/vitoteam.pl\/index.php\/wp-json\/wp\/v2\/media\/3787"}],"wp:attachment":[{"href":"https:\/\/vitoteam.pl\/index.php\/wp-json\/wp\/v2\/media?parent=3760"}],"wp:term":[{"taxonomy":"category","embeddable":true,"href":"https:\/\/vitoteam.pl\/index.php\/wp-json\/wp\/v2\/categories?post=3760"},{"taxonomy":"post_tag","embeddable":true,"href":"https:\/\/vitoteam.pl\/index.php\/wp-json\/wp\/v2\/tags?post=3760"}],"curies":[{"name":"wp","href":"https:\/\/api.w.org\/{rel}","templated":true}]}}