{"id":3720,"date":"2020-05-25T21:29:00","date_gmt":"2020-05-25T19:29:00","guid":{"rendered":"http:\/\/vitoteam.pl\/?p=3720"},"modified":"2020-06-17T11:26:40","modified_gmt":"2020-06-17T09:26:40","slug":"wywiad-z-vito-i-bella-nie-czujemy-sie-gwiazdami","status":"publish","type":"post","link":"https:\/\/vitoteam.pl\/index.php\/2020\/05\/25\/wywiad-z-vito-i-bella-nie-czujemy-sie-gwiazdami\/","title":{"rendered":"WYWIAD Z VITO I BELL\u0104: &#8220;NIE CZUJEMY SI\u0118 GWIAZDAMI!&#8221;"},"content":{"rendered":"\n<p>Wywiad z Vito i Bella w kt\u00f3rym zdradzaj\u0105 szczeg\u00f3\u0142y ze swojego \u017cycia. Opowiadaj\u0105 o tym, od czego wszystko si\u0119 zacz\u0119\u0142o, kim byli, a kim s\u0105 teraz.<\/p>\n\n\n\n<h2>Vito, wszyscy Twoi fani wiedz\u0105, \u017ce jeste\u015b pasjonatem gier. Zdrad\u017a nam, co poza Minecraftem i Robloxem jest Twoj\u0105 pasj\u0105?<\/h2>\n\n\n\n<p><strong>VITO<\/strong>: Kiedy\u015b ta\u0144czy\u0142em breakdance\u2019a oraz hip-hop, co by\u0142o moj\u0105 ogromn\u0105 pasj\u0105, na kt\u00f3r\u0105 po\u015bwi\u0119ca\u0142em ka\u017cd\u0105 woln\u0105 chwil\u0119. Gdy by\u0142em ju\u017c starszy, pracowa\u0142em w domu kultury i uczy\u0142em dzieci oraz m\u0142odzie\u017c ta\u0144ca \u2013 to sprawia\u0142o mi du\u017c\u0105 przyjemno\u015b\u0107 i dawa\u0142o satysfakcje. Dodatkow\u0105 przyjemno\u015bci\u0105 by\u0142o to, \u017ce Bella te\u017c przyje\u017cd\u017ca\u0142a i ta\u0144czy\u0142a razem z nami. Je\u017adzili\u015bmy na wsp\u00f3lne wyst\u0119py. By\u0142em dumny, gdy widzia\u0142em post\u0119py dzieci i efekty naszej pracy na scenie. No i tym chyba te\u017c zaimponowa\u0142em Belli. <\/p>\n\n\n\n<p><strong>BELLA<\/strong>: NIEPRAWDA!<\/p>\n\n\n\n<p><strong>VITO<\/strong>: Kontynuuj\u0105c, teraz moj\u0105 g\u0142\u00f3wn\u0105 pasj\u0105 jest YouTube. Nagrywanie, \u015bledzenie trend\u00f3w. Zajmuje to sporo czasu, przez co mam go ci\u0105gle za ma\u0142o, ale interesuje mnie te\u017c grafika i projektowanie &#8211; w tej dziedzinie chcia\u0142bym si\u0119 nauczy\u0107 projektowania animacji w 3D i do tego b\u0119d\u0119 d\u0105\u017cy\u0142.  Lubi\u0119 tak\u017ce s\u0142ucha\u0107 muzyki, a szczeg\u00f3lnie interesuje mnie proces jej tworzenia. Moim marzeniem jest zadzia\u0142a\u0107 w przysz\u0142o\u015bci w tym temacie i nagra\u0107 swoj\u0105 piosenk\u0119. <\/p>\n\n\n\n<h2>A czym si\u0119 interesowa\u0142e\u015b w dzieci\u0144stwie, kiedy by\u0142e\u015b w wieku swoich fan\u00f3w?<\/h2>\n\n\n\n<p><strong>VITO<\/strong>: Jak wspomnia\u0142em wcze\u015bniej, uwielbia\u0142em ta\u0144czy\u0107 breakdance\u2019a &#8211; to by\u0142a moja g\u0142\u00f3wna aktywno\u015b\u0107. W dzieci\u0144stwie interesowa\u0142em si\u0119 tak\u017ce sportem, a w szczeg\u00f3lno\u015bci pi\u0142k\u0105 no\u017cn\u0105. Gra\u0142em te\u017c na pianinie, co rozwin\u0119\u0142o moje obecne zami\u0142owanie do muzyki. Jednak bez wzgl\u0119du na to, co wtedy akurat robi\u0142em, przez ca\u0142y czas towarzyszy\u0142y mi gry komputerowe. Dla r\u00f3wnowagi gra\u0142em te\u017c w gry karciane. Kolekcjonowa\u0142em Pokemony &#8211; uwielbia\u0142em wsp\u00f3lne rozgrywki z kolegami do tego stopnia, \u017ce chcia\u0142em stworzy\u0107 swoje karty, kt\u00f3re mogliby zbiera\u0107 inni. Marzenie si\u0119 zi\u015bci\u0142o &#8211; wydanie magazynu dla Was zmobilizowa\u0142o mnie do tego, by si\u0119 za to w ko\u0144cu zabra\u0107.<\/p>\n\n\n\n<h2>Bella, czy podzielasz zainteresowania Vito? <\/h2>\n\n\n\n<p><strong>BELLA<\/strong>: Tak, bardzo mu kibicuj\u0119 i jestem dumna ze wszystkich aktywno\u015bci, kt\u00f3rych si\u0119 podj\u0105\u0142. Dzi\u0119ki Vito zacz\u0119\u0142am gra\u0107 w Minecrafta, LOL-a &#8211; sp\u0119dzali\u015bmy wiele wsp\u00f3lnych chwil na graniu. <\/p>\n\n\n\n<h2>Bella, a jakie dodatkowe aktywno\u015bci Ty uprawiasz w czasie, kiedy nie nagrywacie filmik\u00f3w?<\/h2>\n\n\n\n<p><strong>BELLA<\/strong>: Poza nagrywaniem filmik\u00f3w du\u017co czasu sp\u0119dzam na uczelni. Studiuj\u0119 fizjoterapi\u0119. Wybra\u0142am ten kierunek, bo zawsze chcia\u0142am w jaki\u015b spos\u00f3b pomaga\u0107 innym ludziom. Poza tym pasjonuje mnie sztuka makija\u017cu. Moim marzeniem jest zosta\u0107 specjalistk\u0105 w dziedzinie wiza\u017cu. Natomiast jak tylko pozwoli mi na to czas, chcia\u0142abym hobbistycznie zn\u00f3w pogra\u0107 w tenisa sto\u0142owego, do kt\u00f3rego mam wielki sentyment\u2026<\/p>\n\n\n\n<h2>Jak udaje Ci\u0119 po\u0142\u0105czy\u0107 tak skrajne zainteresowania, kiedy znajdujesz na nie czas?<\/h2>\n\n\n\n<p><strong>BELLA<\/strong>: Jest trudno. Du\u017co wymaga ode mnie uczelnia. Jestem tam codziennie. Po zaj\u0119ciach cz\u0119sto godzinami musz\u0119 si\u0119 uczy\u0107 lub przygotowywa\u0107 materia\u0142y na nast\u0119pne zaj\u0119cia. Nagrywamy w ka\u017cdej wolnej chwili &#8211; sprawia mi to tak\u0105 przyjemno\u015b\u0107 i frajd\u0119,  \u017ce jest to form\u0105 odpoczynku. <\/p>\n\n\n\n<figure class=\"wp-block-image size-large\"><img loading=\"lazy\" width=\"590\" height=\"811\" src=\"http:\/\/vitoteam.pl\/wp-content\/uploads\/2020\/05\/image-23.png\" alt=\"Vito i Bella, Minecraft\" class=\"wp-image-3722\" srcset=\"https:\/\/vitoteam.pl\/wp-content\/uploads\/2020\/05\/image-23.png 590w, https:\/\/vitoteam.pl\/wp-content\/uploads\/2020\/05\/image-23-218x300.png 218w, https:\/\/vitoteam.pl\/wp-content\/uploads\/2020\/05\/image-23-30x40.png 30w\" sizes=\"(max-width: 590px) 100vw, 590px\" \/><figcaption>Bella<\/figcaption><\/figure>\n\n\n\n<h2>Vito musisz by\u0107 dumny z Belli. Czy to w\u0142a\u015bnie te jej cechy i zainteresowania zdecydowa\u0142y o tym, \u017ce si\u0119 w niej zakocha\u0142e\u015b ? <\/h2>\n\n\n\n<p> <strong>VITO<\/strong>: Na pewno mia\u0142y na to wp\u0142yw. Imponuje mi to, \u017ce Bella jest dobr\u0105 osob\u0105, kt\u00f3ra my\u015bli o innych oraz to, \u017ce kszta\u0142ci si\u0119 w wybranym przez siebie zawodzie. Doceniam tak\u017ce czas, kt\u00f3ry po\u015bwi\u0119ca na nagrywanie filmik\u00f3w. <\/p>\n\n\n\n<h2> Co jeszcze sprawi\u0142o, \u017ce zakocha\u0142e\u015b si\u0119 w Belli?<\/h2>\n\n\n\n<p> <strong>VITO<\/strong>: Podoba\u0142o mi si\u0119 to, \u017ce by\u0142a niedost\u0119pna. By\u0142a dla mnie pewnego rodzaju wyzwaniem. Musia\u0142em si\u0119 d\u0142ugo postara\u0107, zanim Bella odwzajemni\u0142a moje zaloty.<\/p>\n\n\n\n<h2> Jak to wygl\u0105da\u0142o z Twojej perspektywy Bella?<\/h2>\n\n\n\n<p> <strong>BELLA<\/strong>: Imponowa\u0142o mi, \u017ce jest taki tajemniczy i \u017ce si\u0119 stara\u0142. Tym, co mnie w nim urzek\u0142o, by\u0142 fakt, \u017ce mia\u0142 swoje zainteresowania &#8211; nie by\u0142 taki jak wi\u0119kszo\u015b\u0107 ch\u0142opak\u00f3w w naszym wieku. Widzia\u0142am, \u017ce jest uparty, ma cele i potrafi do nich d\u0105\u017cy\u0107.<\/p>\n\n\n\n<h2>Czy jak si\u0119 poznali\u015bcie to Vito ju\u017c gra\u0142 w Minecrafta? Zna\u0142a\u015b wcze\u015bniej te gry? Co sobie wtedy my\u015bla\u0142a\u015b?<\/h2>\n\n\n\n<p> <strong>BELLA<\/strong>: Jak si\u0119 poznali\u015bmy, to Vito gra\u0142 ju\u017c w Minecrafta i dopiero wtedy pozna\u0142am t\u0119 gr\u0119. Na pocz\u0105tku by\u0142am sceptycznie nastawiona do tego, \u017ce tak du\u017co czasu po\u015bwi\u0119ca na granie. Jednak p\u00f3\u017aniej pokaza\u0142 mi, \u017ce to nie tylko bezcelowe rozgrywki, ale tak\u017ce forma budowania relacji, sp\u0119dzenia wsp\u00f3lnego czasu na wi\u0105\u017c\u0105cych nas prze\u017cyciach. Razem opracowywali\u015bmy koncepcje, budowali\u015bmy, tworzyli\u015bmy i do\u015bwiadczali\u015bmy sukces\u00f3w i pora\u017cek. <\/p>\n\n\n\n<h2> \u201eRazem\u201d to s\u0142owo klucz. Kiedy i w jaki spos\u00f3b zdecydowali\u015bcie si\u0119 nagrywa\u0107 wsp\u00f3lnie?<\/h2>\n\n\n\n<p> <strong>VITO<\/strong>: D\u0142ugo namawia\u0142em Bell\u0119, \u017ceby wyst\u0105pi\u0142a razem ze mn\u0105. Nasza pierwsza wsp\u00f3lna seria to \u201eBitwa na klocki\u201d. <\/p>\n\n\n\n<p>BELLA: Nagrali\u015bmy kilka wsp\u00f3lnych film\u00f3w, ale jeszcze wtedy troch\u0119 si\u0119 stresowa\u0142am, by\u0142am nie\u015bmia\u0142a i zrobi\u0142am przerw\u0119 w nagrywaniu. Postanowi\u0142am wr\u00f3ci\u0107 do wsp\u00f3lnego nagrywania, kiedy nabra\u0142am wi\u0119cej pewno\u015bci siebie i kiedy widzia\u0142am, jak fajnie Vito rozwija si\u0119 w swojej YouTube\u2019 owej pasji.<\/p>\n\n\n\n<figure class=\"wp-block-image size-large is-resized\"><img loading=\"lazy\" src=\"http:\/\/vitoteam.pl\/wp-content\/uploads\/2020\/05\/image-22.png\" alt=\"Vito i Bella - zabawy na sesji zdj\u0119ciowej, minecraft\" class=\"wp-image-3721\" width=\"582\" height=\"751\" srcset=\"https:\/\/vitoteam.pl\/wp-content\/uploads\/2020\/05\/image-22.png 293w, https:\/\/vitoteam.pl\/wp-content\/uploads\/2020\/05\/image-22-233x300.png 233w, https:\/\/vitoteam.pl\/wp-content\/uploads\/2020\/05\/image-22-30x40.png 30w\" sizes=\"(max-width: 582px) 100vw, 582px\" \/><figcaption>Vito i Bella &#8211; zabawy na sesji zdj\u0119ciowej<\/figcaption><\/figure>\n\n\n\n<h2> Jeste\u015bcie zgodni podczas nagrywania film\u00f3w?<\/h2>\n\n\n\n<p> <strong>VITO<\/strong>: Zazwyczaj jeste\u015bmy zgodni.<\/p>\n\n\n\n<p> <strong>BELLA<\/strong>: Czasami zdarza nam si\u0119 sp\u00f3r, kt\u00f3ry dotyczy na przyk\u0142ad pomys\u0142u na zako\u0144czenie odcinka. Ja mam sw\u00f3j, Vito ma sw\u00f3j, ale to uczy nas kompromis\u00f3w. <\/p>\n\n\n\n<h2>Zdradzicie jak wygl\u0105da ca\u0142y proces powstania jednego filmu?<\/h2>\n\n\n\n<p><strong>VITO<\/strong>: Najpierw wymy\u015blamy, o czym b\u0119dzie odcinek. Nast\u0119pnie piszemy scenariusz, przygotowujemy to, co niezb\u0119dne w grze, np. budowanie, wgranie modyfikacji. Siadamy i nagrywamy. Nast\u0119pnie obrabiam film i \u201erenderuj\u0119\u201d go. Bella przes\u0142uchuje i sprawdza, czy wszystko jest w porz\u0105dku, a ja w tym czasie robi\u0119 miniatur\u0119 do filmu. Jak tylko miniatura jest gotowa to wrzucamy film na YT.<\/p>\n\n\n\n<p><strong>BELLA<\/strong>: Zdarza nam si\u0119 du\u017co zabawnych sytuacji. Czasami go\u0142\u0119bie pukaj\u0105 w okno i parapet, przeszkadzaj\u0105 nam i wtedy musimy przerwa\u0107 nagrywanie. Nierzadko kr\u00f3lik przerywa nam odcinek, wchodz\u0105c do pokoju i miotaj\u0105c si\u0119 pod nogami. A to s\u0105siadka pranie wstawi i musimy czeka\u0107, a\u017c jej pralka przestanie dudni\u0107.<\/p>\n\n\n\n<h2>Spodziewali\u015bcie si\u0119 takiego odzewu? Macie bardzo du\u017co fan\u00f3w, kt\u00f3rzy nie kryj\u0105 tego, jak mocno Was uwielbiaj\u0105. <\/h2>\n\n\n\n<p><strong>VITO<\/strong>: Nie spodziewali\u015bmy si\u0119 takiego odzewu. Nagrywali\u015bmy hobbystycznie, a okaza\u0142o si\u0119, \u017ce ludzie chcieli nas  ogl\u0105da\u0107, co jest dla nas du\u017c\u0105 gratyfikacj\u0105.<\/p>\n\n\n\n<p><strong>BELLA<\/strong>: Opr\u00f3cz uznania, kt\u00f3re liczy si\u0119 w ilo\u015bci subskrypcji, komentarzy, do\u015bwiadczamy tak\u017ce jego nietypowych przejaw\u00f3w: dzieci przesy\u0142aj\u0105 nam prezenty, paczki, rysunki, kartki \u015bwi\u0105teczne i listy. To dla nas bardzo mi\u0142e i dzi\u0119kujemy za to.<\/p>\n\n\n\n<h2>Czy jeste\u015bcie rozpoznawalni tak\u017ce w \u017cyciu codziennym, na ulicy? Jak wygl\u0105daj\u0105 takie spotkania? <\/h2>\n\n\n\n<p> <strong>VITO<\/strong>: Czasami czujemy spojrzenia dzieci i widzimy, \u017ce nas rozpoznaj\u0105. Nie jest to jednak notoryczne, poniewa\u017c rzadko pokazujemy swoje twarze na filmikach. Nie czujemy si\u0119 gwiazdami i prowadzimy normalne \u017cycie.<\/p>\n\n\n\n<h2> Spoczywa na Was du\u017ca odpowiedzialno\u015b\u0107, macie fan\u00f3w w r\u00f3\u017cnym wieku, kt\u00f3rzy \u015bledz\u0105 ka\u017cde Wasze s\u0142owo i poczynania \u2013 jak sobie z tym radzicie?<\/h2>\n\n\n\n<p> <strong>VITO<\/strong>: Mamy tego \u015bwiadomo\u015b\u0107, dlatego nagrywamy w formie przyst\u0119pnej dla dzieci. Dbamy o to w jaki spos\u00f3b si\u0119 wyra\u017camy. Dostajemy du\u017co podzi\u0119kowa\u0144 od rodzic\u00f3w, kt\u00f3rzy doceniaj\u0105 form\u0119 naszego przekazu. Dodatkowo w magazynie chcemy przedstawi\u0107 zar\u00f3wno tre\u015bci, kt\u00f3re b\u0119d\u0105 pobudza\u0142y wyobra\u017ani\u0119, kreatywno\u015b\u0107, jak i te, kt\u00f3re b\u0119d\u0105 kszta\u0142c\u0105ce, jak na przyk\u0142ad seria \u201eW Podr\u00f3\u017cy\u201d czy dzia\u0142 \u201eFUN&amp;MIND\u201d.<\/p>\n\n\n\n<p> <strong>BELLA<\/strong>: No w\u0142a\u015bnie, bo nie zabraknie te\u017c zabawy, kt\u00f3ra potrzebna jest wszystkim niezale\u017cnie od wieku.<\/p>\n\n\n\n<h2>Co jeszcze chcecie przekaza\u0107 w gazecie, kt\u00f3ra b\u0119dzie o Was? <\/h2>\n\n\n\n<p><strong>BELLA<\/strong>: Opr\u00f3cz tego, co Vito wymieni\u0142, chcemy dzieli\u0107 si\u0119 z fanami nasz\u0105 codzienno\u015bci\u0105, o kt\u00f3r\u0105 cz\u0119sto jeste\u015bmy pytani pod filmami. Dodatkowo b\u0119dziemy przemyca\u0107 porady dotycz\u0105ce konkretnie Minecrafta i Robloxa, a tak\u017ce wiele innych ciekawych rzeczy, o kt\u00f3rych sami si\u0119 przekonacie.<\/p>\n\n\n\n<h2>Fani domagaj\u0105 si\u0119 odpowiedzi, a wi\u0119c mo\u017ce zdradzicie kiedy w ko\u0144cu nagracie tsunami koni?<\/h2>\n\n\n\n<p><strong>VITO<\/strong>: W tajemnicy Wam powiem, \u017ce odcinek jest ju\u017c nagrany, ale z jego publikacj\u0105 czekamy na odpowiedni moment, a kiedy on nast\u0105pi &#8211; to pozostanie jeszcze sekretem.<\/p>\n\n\n\n<h2>Odwied\u017a tak\u017ce nasze kana\u0142y na YouTubie:<\/h2>\n\n\n\n<figure class=\"wp-block-embed-youtube wp-block-embed is-type-video is-provider-youtube wp-embed-aspect-16-9 wp-has-aspect-ratio\"><div class=\"wp-block-embed__wrapper\">\n<iframe title=\"U\u017bY\u0141AM KODY ABY ZMIENI\u0106 KOMU\u015a AWATAR W ROBLOX!\ud83d\ude02 - (TROLL)|BELLA\" width=\"640\" height=\"360\" src=\"https:\/\/www.youtube.com\/embed\/GsAAbD4KO2A?feature=oembed\" frameborder=\"0\" allow=\"accelerometer; autoplay; encrypted-media; gyroscope; picture-in-picture\" allowfullscreen><\/iframe>\n<\/div><figcaption> U\u017bY\u0141AM KODY ABY ZMIENI\u0106 KOMU\u015a AWATAR W ROBLOX! &#8211;  <br>KittyBella <\/figcaption><\/figure>\n\n\n\n<figure class=\"wp-block-embed-youtube wp-block-embed is-type-video is-provider-youtube wp-embed-aspect-16-9 wp-has-aspect-ratio\"><div class=\"wp-block-embed__wrapper\">\n<iframe title=\"WYKOPALI\u015aMY NAJWI\u0118KSZ\u0104 DZIUR\u0118 W MINECRAFT (Mining Simulator) | Vito vs Bella\" width=\"640\" height=\"360\" src=\"https:\/\/www.youtube.com\/embed\/qhldCzCdZaE?feature=oembed\" frameborder=\"0\" allow=\"accelerometer; autoplay; encrypted-media; gyroscope; picture-in-picture\" allowfullscreen><\/iframe>\n<\/div><figcaption> WYKOPALI\u015aMY NAJWI\u0118KSZ\u0104 DZIUR\u0118 W MINECRAFT  &#8211; Vito i Bella<\/figcaption><\/figure>\n\n\n\n<figure class=\"wp-block-embed-wordpress wp-block-embed is-type-wp-embed is-provider-vito-team-blog\"><div class=\"wp-block-embed__wrapper\">\n<blockquote class=\"wp-embedded-content\" data-secret=\"mgByKm81RD\"><a href=\"http:\/\/vitoteam.pl\/index.php\/2020\/04\/02\/zostan-w-domu\/\">#zosta\u0144wdomu z VITO I BELL\u0104!<\/a><\/blockquote><iframe class=\"wp-embedded-content\" sandbox=\"allow-scripts\" security=\"restricted\" style=\"position: absolute; clip: rect(1px, 1px, 1px, 1px);\" title=\"&#8222;#zosta\u0144wdomu z VITO I BELL\u0104!&#8221; &#8212; Vito Team Blog\" src=\"http:\/\/vitoteam.pl\/index.php\/2020\/04\/02\/zostan-w-domu\/embed\/#?secret=mgByKm81RD\" data-secret=\"mgByKm81RD\" width=\"600\" height=\"338\" frameborder=\"0\" marginwidth=\"0\" marginheight=\"0\" scrolling=\"no\"><\/iframe>\n<\/div><figcaption>#zosta\u0144wdomu z Vito i Bella<\/figcaption><\/figure>\n\n\n\n<figure class=\"wp-block-embed-wordpress wp-block-embed is-type-wp-embed is-provider-vito-team-blog\"><div class=\"wp-block-embed__wrapper\">\n<blockquote class=\"wp-embedded-content\" data-secret=\"RrwZBUsVZI\"><a href=\"http:\/\/vitoteam.pl\/index.php\/2020\/05\/25\/sesja-zdjeciowa-oraz-tajny-szyfr-vito-i-belli\/\">SESJA ZDJ\u0118CIOWA ORAZ TAJNY SZYFR VITO I BELLI!<\/a><\/blockquote><iframe class=\"wp-embedded-content\" sandbox=\"allow-scripts\" security=\"restricted\" style=\"position: absolute; clip: rect(1px, 1px, 1px, 1px);\" title=\"&#8222;SESJA ZDJ\u0118CIOWA ORAZ TAJNY SZYFR VITO I BELLI!&#8221; &#8212; Vito Team Blog\" src=\"http:\/\/vitoteam.pl\/index.php\/2020\/05\/25\/sesja-zdjeciowa-oraz-tajny-szyfr-vito-i-belli\/embed\/#?secret=RrwZBUsVZI\" data-secret=\"RrwZBUsVZI\" width=\"600\" height=\"338\" frameborder=\"0\" marginwidth=\"0\" marginheight=\"0\" scrolling=\"no\"><\/iframe>\n<\/div><figcaption>Sesja zdj\u0119ciowa oraz tajny szyfr Vito i Belli<\/figcaption><\/figure>\n","protected":false},"excerpt":{"rendered":"<p>Wywiad z Vito i Bella w kt\u00f3rym zdradzaj\u0105 szczeg\u00f3\u0142y ze swojego \u017cycia. Opowiadaj\u0105 o tym, od czego wszystko si\u0119 zacz\u0119\u0142o, kim byli, a kim s\u0105 teraz.<\/p>\n","protected":false},"author":1,"featured_media":3736,"comment_status":"open","ping_status":"open","sticky":false,"template":"","format":"standard","meta":[],"categories":[177],"tags":[121,98,97,43,85,141,143,49,86,51,101,102,140,142],"yoast_head":"<!-- This site is optimized with the Yoast SEO plugin v15.4 - https:\/\/yoast.com\/wordpress\/plugins\/seo\/ -->\n<title>WYWIAD Z VITO I BELL\u0104: &quot;NIE CZUJEMY SI\u0118 GWIAZDAMI!&quot; - Vito Team Blog<\/title>\n<meta name=\"robots\" content=\"index, follow, max-snippet:-1, max-image-preview:large, max-video-preview:-1\" \/>\n<link rel=\"canonical\" href=\"http:\/\/vitoteam.pl\/index.php\/2020\/05\/25\/wywiad-z-vito-i-bella-nie-czujemy-sie-gwiazdami\/\" \/>\n<meta property=\"og:locale\" content=\"pl_PL\" \/>\n<meta property=\"og:type\" content=\"article\" \/>\n<meta property=\"og:title\" content=\"WYWIAD Z VITO I BELL\u0104: &quot;NIE CZUJEMY SI\u0118 GWIAZDAMI!&quot; - Vito Team Blog\" \/>\n<meta property=\"og:description\" content=\"Wywiad z Vito i Bella w kt\u00f3rym zdradzaj\u0105 szczeg\u00f3\u0142y ze swojego \u017cycia. Opowiadaj\u0105 o tym, od czego wszystko si\u0119 zacz\u0119\u0142o, kim byli, a kim s\u0105 teraz.\" \/>\n<meta property=\"og:url\" content=\"http:\/\/vitoteam.pl\/index.php\/2020\/05\/25\/wywiad-z-vito-i-bella-nie-czujemy-sie-gwiazdami\/\" \/>\n<meta property=\"og:site_name\" content=\"Vito Team Blog\" \/>\n<meta property=\"article:published_time\" content=\"2020-05-25T19:29:00+00:00\" \/>\n<meta property=\"article:modified_time\" content=\"2020-06-17T09:26:40+00:00\" \/>\n<meta property=\"og:image\" content=\"https:\/\/vitoteam.pl\/wp-content\/uploads\/2020\/05\/1.jpg\" \/>\n\t<meta property=\"og:image:width\" content=\"589\" \/>\n\t<meta property=\"og:image:height\" content=\"572\" \/>\n<meta name=\"twitter:card\" content=\"summary_large_image\" \/>\n<meta name=\"twitter:label1\" content=\"Written by\">\n\t<meta name=\"twitter:data1\" content=\"admin\">\n\t<meta name=\"twitter:label2\" content=\"Est. reading time\">\n\t<meta name=\"twitter:data2\" content=\"6 minut\">\n<script type=\"application\/ld+json\" class=\"yoast-schema-graph\">{\"@context\":\"https:\/\/schema.org\",\"@graph\":[{\"@type\":\"WebSite\",\"@id\":\"https:\/\/vitoteam.pl\/#website\",\"url\":\"https:\/\/vitoteam.pl\/\",\"name\":\"Vito Team Blog\",\"description\":\"Wszystko o Vito &amp; Bella.\",\"potentialAction\":[{\"@type\":\"SearchAction\",\"target\":\"https:\/\/vitoteam.pl\/?s={search_term_string}\",\"query-input\":\"required name=search_term_string\"}],\"inLanguage\":\"pl-PL\"},{\"@type\":\"ImageObject\",\"@id\":\"http:\/\/vitoteam.pl\/index.php\/2020\/05\/25\/wywiad-z-vito-i-bella-nie-czujemy-sie-gwiazdami\/#primaryimage\",\"inLanguage\":\"pl-PL\",\"url\":\"https:\/\/vitoteam.pl\/wp-content\/uploads\/2020\/05\/1.jpg\",\"width\":589,\"height\":572},{\"@type\":\"WebPage\",\"@id\":\"http:\/\/vitoteam.pl\/index.php\/2020\/05\/25\/wywiad-z-vito-i-bella-nie-czujemy-sie-gwiazdami\/#webpage\",\"url\":\"http:\/\/vitoteam.pl\/index.php\/2020\/05\/25\/wywiad-z-vito-i-bella-nie-czujemy-sie-gwiazdami\/\",\"name\":\"WYWIAD Z VITO I BELL\\u0104: \\\"NIE CZUJEMY SI\\u0118 GWIAZDAMI!\\\" - Vito Team Blog\",\"isPartOf\":{\"@id\":\"https:\/\/vitoteam.pl\/#website\"},\"primaryImageOfPage\":{\"@id\":\"http:\/\/vitoteam.pl\/index.php\/2020\/05\/25\/wywiad-z-vito-i-bella-nie-czujemy-sie-gwiazdami\/#primaryimage\"},\"datePublished\":\"2020-05-25T19:29:00+00:00\",\"dateModified\":\"2020-06-17T09:26:40+00:00\",\"author\":{\"@id\":\"https:\/\/vitoteam.pl\/#\/schema\/person\/9997dcb840668bed9ddccd6d0cc5582e\"},\"inLanguage\":\"pl-PL\",\"potentialAction\":[{\"@type\":\"ReadAction\",\"target\":[\"http:\/\/vitoteam.pl\/index.php\/2020\/05\/25\/wywiad-z-vito-i-bella-nie-czujemy-sie-gwiazdami\/\"]}]},{\"@type\":\"Person\",\"@id\":\"https:\/\/vitoteam.pl\/#\/schema\/person\/9997dcb840668bed9ddccd6d0cc5582e\",\"name\":\"admin\",\"image\":{\"@type\":\"ImageObject\",\"@id\":\"https:\/\/vitoteam.pl\/#personlogo\",\"inLanguage\":\"pl-PL\",\"url\":\"https:\/\/secure.gravatar.com\/avatar\/7885fd4a2aa5b538c78b0bab43f96639?s=96&d=mm&r=g\",\"caption\":\"admin\"}}]}<\/script>\n<!-- \/ Yoast SEO plugin. -->","_links":{"self":[{"href":"https:\/\/vitoteam.pl\/index.php\/wp-json\/wp\/v2\/posts\/3720"}],"collection":[{"href":"https:\/\/vitoteam.pl\/index.php\/wp-json\/wp\/v2\/posts"}],"about":[{"href":"https:\/\/vitoteam.pl\/index.php\/wp-json\/wp\/v2\/types\/post"}],"author":[{"embeddable":true,"href":"https:\/\/vitoteam.pl\/index.php\/wp-json\/wp\/v2\/users\/1"}],"replies":[{"embeddable":true,"href":"https:\/\/vitoteam.pl\/index.php\/wp-json\/wp\/v2\/comments?post=3720"}],"version-history":[{"count":0,"href":"https:\/\/vitoteam.pl\/index.php\/wp-json\/wp\/v2\/posts\/3720\/revisions"}],"wp:featuredmedia":[{"embeddable":true,"href":"https:\/\/vitoteam.pl\/index.php\/wp-json\/wp\/v2\/media\/3736"}],"wp:attachment":[{"href":"https:\/\/vitoteam.pl\/index.php\/wp-json\/wp\/v2\/media?parent=3720"}],"wp:term":[{"taxonomy":"category","embeddable":true,"href":"https:\/\/vitoteam.pl\/index.php\/wp-json\/wp\/v2\/categories?post=3720"},{"taxonomy":"post_tag","embeddable":true,"href":"https:\/\/vitoteam.pl\/index.php\/wp-json\/wp\/v2\/tags?post=3720"}],"curies":[{"name":"wp","href":"https:\/\/api.w.org\/{rel}","templated":true}]}}